{"id":114538,"date":"2024-11-20T11:31:20","date_gmt":"2024-11-20T14:31:20","guid":{"rendered":"https:\/\/blogdoedvaldomagalhaes.com.br\/?p=114538"},"modified":"2024-11-20T11:31:20","modified_gmt":"2024-11-20T14:31:20","slug":"amttc-realizara-fechamento-teste-na-travessa-13-de-maio-no-centro-de-caruaru","status":"publish","type":"post","link":"https:\/\/blogdoedvaldomagalhaes.com.br\/index.php\/2024\/11\/20\/amttc-realizara-fechamento-teste-na-travessa-13-de-maio-no-centro-de-caruaru\/","title":{"rendered":"AMTTC realizar\u00e1 fechamento teste na travessa 13 de maio no centro de Caruaru"},"content":{"rendered":"<p>A Autarquia de Mobilidade, Tr\u00e2nsito e Transportes de Caruaru (AMTTC) reuniu sua equipe de Engenharia de Tr\u00e2nsito para discutir novas melhorias no centro da cidade e foi definido que um teste ser\u00e1 realizado na quinta-feira (21), sexta (22) e s\u00e1bado (23), fechando a travessa 13 de maio. O objetivo da experi\u00eancia \u00e9 diminuir um tempo semaf\u00f3rico do cruzamento entre as ruas Lourival Jos\u00e9 da Silva, Djalma Dutra e 15 de novembro, proporcionando um tempo de deslocamento menor pelo centro.<\/p>\n<p>Os condutores que quiserem acessar a rua 15 de Novembro e Lourival Jos\u00e9 da Silva (sentido Parque 18 de maio) dever\u00e3o seguir pela rua 13 de maio, retornando pela pra\u00e7a Coronel Porto e rua Djalma Dutra.<\/p>\n<p>&#8220;Esse teste servir\u00e1 para realiza\u00e7\u00e3o de um estudo t\u00e9cnico por parte do nosso departamento de Engenharia de Tr\u00e2nsito, para fechamento da travessa 13 de maio. Historicamente, o ponto provoca reten\u00e7\u00e3o das ruas do centro, causando transtornos para os condutores. Bloqueando a travessa 13 de maio, no cruzamento entre as ruas Djalma Dutra, Lourival Jos\u00e9 da Silva e 15 de novembro, passamos de tr\u00eas para dois tempos semaf\u00f3ricos, proporcionando uma travessia mais tranquila e um tempo menor de espera no sem\u00e1foro&#8221;, declarou o presidente da AMTTC, Coronel Edson N\u00f3brega.<br \/>\nSeja seguidor do Instagram do Blog<br \/>\nFoto: Divulga\u00e7\u00e3o\/Secom\/PMC<\/p>\n","protected":false},"excerpt":{"rendered":"<p>A Autarquia de Mobilidade, Tr\u00e2nsito e Transportes de Caruaru (AMTTC) reuniu sua equipe de Engenharia de Tr\u00e2nsito para discutir novas&hellip;<\/p>\n","protected":false},"author":1,"featured_media":114539,"comment_status":"closed","ping_status":"open","sticky":false,"template":"","format":"standard","meta":{"footnotes":""},"categories":[14120],"tags":[7120,30592,27410,2,28801],"class_list":["post-114538","post","type-post","status-publish","format-standard","has-post-thumbnail","hentry","category-noticias","tag-blog","tag-blog-com-mais-seguidores","tag-blog-de-caruaru","tag-blog-do-edvaldo-magalhaes","tag-blog-mais-acessado"],"_links":{"self":[{"href":"https:\/\/blogdoedvaldomagalhaes.com.br\/index.php\/wp-json\/wp\/v2\/posts\/114538","targetHints":{"allow":["GET"]}}],"collection":[{"href":"https:\/\/blogdoedvaldomagalhaes.com.br\/index.php\/wp-json\/wp\/v2\/posts"}],"about":[{"href":"https:\/\/blogdoedvaldomagalhaes.com.br\/index.php\/wp-json\/wp\/v2\/types\/post"}],"author":[{"embeddable":true,"href":"https:\/\/blogdoedvaldomagalhaes.com.br\/index.php\/wp-json\/wp\/v2\/users\/1"}],"replies":[{"embeddable":true,"href":"https:\/\/blogdoedvaldomagalhaes.com.br\/index.php\/wp-json\/wp\/v2\/comments?post=114538"}],"version-history":[{"count":1,"href":"https:\/\/blogdoedvaldomagalhaes.com.br\/index.php\/wp-json\/wp\/v2\/posts\/114538\/revisions"}],"predecessor-version":[{"id":114540,"href":"https:\/\/blogdoedvaldomagalhaes.com.br\/index.php\/wp-json\/wp\/v2\/posts\/114538\/revisions\/114540"}],"wp:featuredmedia":[{"embeddable":true,"href":"https:\/\/blogdoedvaldomagalhaes.com.br\/index.php\/wp-json\/wp\/v2\/media\/114539"}],"wp:attachment":[{"href":"https:\/\/blogdoedvaldomagalhaes.com.br\/index.php\/wp-json\/wp\/v2\/media?parent=114538"}],"wp:term":[{"taxonomy":"category","embeddable":true,"href":"https:\/\/blogdoedvaldomagalhaes.com.br\/index.php\/wp-json\/wp\/v2\/categories?post=114538"},{"taxonomy":"post_tag","embeddable":true,"href":"https:\/\/blogdoedvaldomagalhaes.com.br\/index.php\/wp-json\/wp\/v2\/tags?post=114538"}],"curies":[{"name":"wp","href":"https:\/\/api.w.org\/{rel}","templated":true}]}}