{"id":114535,"date":"2024-11-20T10:47:54","date_gmt":"2024-11-20T13:47:54","guid":{"rendered":"https:\/\/blogdoedvaldomagalhaes.com.br\/?p=114535"},"modified":"2024-11-20T10:47:54","modified_gmt":"2024-11-20T13:47:54","slug":"20-de-novembro-dia-da-consciencia-negra","status":"publish","type":"post","link":"https:\/\/blogdoedvaldomagalhaes.com.br\/index.php\/2024\/11\/20\/20-de-novembro-dia-da-consciencia-negra\/","title":{"rendered":"20 de Novembro: Dia da Consci\u00eancia Negra"},"content":{"rendered":"<p>No dia da morte de Zumbi dos Palmares, celebramos a luta contra o racismo e em defesa da liberdade e da vida. <\/p>\n<p>O dia 20 de novembro, passou a ser feriado nacional a partir desse ano. A lei que instituiu o feriado nacional foi aprovada em 29 de novembro de 2023 e sancionada pelo presidente Lula em dezembro do mesmo ano. <\/p>\n<p>Essa data foi escolhida para homenagear Zumbi dos Palmares, que foi morto em 20 de novembro de 1695, ap\u00f3s uma batalha na sede do quilombo, que ficou totalmente destru\u00edda! Zumbi foi ferido mas conseguiu fugir, por\u00e9m, ap\u00f3s ser tra\u00eddo por um \u201camigo\u201d, um \u201ccompanheiro\u201d, foi preso pelas tropas do bandeirante. Em 20 de novembro de 1695, aos 40 anos de idade, Zumbi dos Palmares foi assassinado, degolado!<\/p>\n<p>Ele foi um dos principais l\u00edderes do Quilombo dos Palmares, que lutou contra o escravismo  e a opress\u00e3o colonial no s\u00e9culo XVII no Brasil.<\/p>\n<p>Os principais objetivos desse dia s\u00e3o:<\/p>\n<p>&#8211; O reconhecimento da grande contribui\u00e7\u00e3o da popula\u00e7\u00e3o negra na hist\u00f3ria e na cultura brasileira.<br \/>\n&#8211; \u2060A defesa e promo\u00e7\u00e3o da igualdade racial e o combate ao racismo.<br \/>\n&#8211; \u2060A sensibiliza\u00e7\u00e3o da sociedade sobre a import\u00e2ncia do respeito \u00e0 diversidade e a promo\u00e7\u00e3o da inclus\u00e3o.<br \/>\n\u2060<br \/>\nZumbi nasceu no estado de Alagoas, em 1655. Capturado e escravizado, escapou e encontrou ref\u00fagio no Quilombo dos Palmares. Organizou e liderou a resist\u00eancia contra os colonizadores escravistas portugueses e holandeses. Lutou pela liberdade e autonomia do quilombo. <\/p>\n<p>Como j\u00e1 dissemos, Zumbi foi morto em 1695 e ap\u00f3s sua morte, se transformou num s\u00edmbolo da resist\u00eancia de negras e negros contra o escravismo.<\/p>\n<p>O Dia da Consci\u00eancia Negra \u00e9 importante para evidenciarmos:<\/p>\n<p>&#8211; O Reconhecimento da hist\u00f3ria e cultura afro-brasileira.<br \/>\n&#8211; \u2060O combate ao racismo e \u00e0 discrimina\u00e7\u00e3o.<br \/>\n&#8211; \u2060A promo\u00e7\u00e3o da igualdade racial e da justi\u00e7a social.<br \/>\n&#8211; \u2060A valoriza\u00e7\u00e3o da diversidade e da inclus\u00e3o social, econ\u00f4mica, cultural e pol\u00edtica.<\/p>\n<p>A luta contra o racismo deve ser permanente e cont\u00ednua. Dessa luta todas e todos somos chamados a participar. <\/p>\n<p>Momento de reflex\u00e3o: <\/p>\n<p>No Dia da Consci\u00eancia Negra \u00e9 importante que promovamos debates e di\u00e1logos de reflex\u00e3o a respeito da nossa hist\u00f3ria.<\/p>\n<p>Uma sociedade livre, justa, fraterna, igualit\u00e1ria e que abomine toda sorte de discrimina\u00e7\u00e3o e preconceito n\u00e3o deve ser utopia, mas nosso principal objetivo e luta di\u00e1ria! <\/p>\n<p>Viva Zumbi dos Palmares, s\u00edmbolo da luta em defesa de uma sociedade justa, livre, fraterna, igualit\u00e1ria e SEM RACISMO!<br \/>\nCaruaru-PE, quarta-feira, 20 de novembro de 2024.<br \/>\nAdilson Lira<br \/>\nAdvogado e negro \u201csem preconceito\u201d.<br \/>\nSeja seguidor do Instagram do Blog @blogdoedvaldomagalhaes<br \/>\nFoto: Arquivo pessoal <\/p>\n","protected":false},"excerpt":{"rendered":"<p>No dia da morte de Zumbi dos Palmares, celebramos a luta contra o racismo e em defesa da liberdade e&hellip;<\/p>\n","protected":false},"author":1,"featured_media":114536,"comment_status":"closed","ping_status":"open","sticky":false,"template":"","format":"standard","meta":{"footnotes":""},"categories":[14120],"tags":[32193,30592,13146,28801],"class_list":["post-114535","post","type-post","status-publish","format-standard","has-post-thumbnail","hentry","category-noticias","tag-20-de-novembro-dia-da-consciencia-negra","tag-blog-com-mais-seguidores","tag-blog-edvaldo-magalhaes","tag-blog-mais-acessado"],"_links":{"self":[{"href":"https:\/\/blogdoedvaldomagalhaes.com.br\/index.php\/wp-json\/wp\/v2\/posts\/114535","targetHints":{"allow":["GET"]}}],"collection":[{"href":"https:\/\/blogdoedvaldomagalhaes.com.br\/index.php\/wp-json\/wp\/v2\/posts"}],"about":[{"href":"https:\/\/blogdoedvaldomagalhaes.com.br\/index.php\/wp-json\/wp\/v2\/types\/post"}],"author":[{"embeddable":true,"href":"https:\/\/blogdoedvaldomagalhaes.com.br\/index.php\/wp-json\/wp\/v2\/users\/1"}],"replies":[{"embeddable":true,"href":"https:\/\/blogdoedvaldomagalhaes.com.br\/index.php\/wp-json\/wp\/v2\/comments?post=114535"}],"version-history":[{"count":1,"href":"https:\/\/blogdoedvaldomagalhaes.com.br\/index.php\/wp-json\/wp\/v2\/posts\/114535\/revisions"}],"predecessor-version":[{"id":114537,"href":"https:\/\/blogdoedvaldomagalhaes.com.br\/index.php\/wp-json\/wp\/v2\/posts\/114535\/revisions\/114537"}],"wp:featuredmedia":[{"embeddable":true,"href":"https:\/\/blogdoedvaldomagalhaes.com.br\/index.php\/wp-json\/wp\/v2\/media\/114536"}],"wp:attachment":[{"href":"https:\/\/blogdoedvaldomagalhaes.com.br\/index.php\/wp-json\/wp\/v2\/media?parent=114535"}],"wp:term":[{"taxonomy":"category","embeddable":true,"href":"https:\/\/blogdoedvaldomagalhaes.com.br\/index.php\/wp-json\/wp\/v2\/categories?post=114535"},{"taxonomy":"post_tag","embeddable":true,"href":"https:\/\/blogdoedvaldomagalhaes.com.br\/index.php\/wp-json\/wp\/v2\/tags?post=114535"}],"curies":[{"name":"wp","href":"https:\/\/api.w.org\/{rel}","templated":true}]}}