{"id":114532,"date":"2024-11-20T10:38:42","date_gmt":"2024-11-20T13:38:42","guid":{"rendered":"https:\/\/blogdoedvaldomagalhaes.com.br\/?p=114532"},"modified":"2024-11-20T10:38:42","modified_gmt":"2024-11-20T13:38:42","slug":"pm-prende-acusado-de-roubo-a-estabelecimento-comercial","status":"publish","type":"post","link":"https:\/\/blogdoedvaldomagalhaes.com.br\/index.php\/2024\/11\/20\/pm-prende-acusado-de-roubo-a-estabelecimento-comercial\/","title":{"rendered":"PM prende acusado de roubo a estabelecimento comercial"},"content":{"rendered":"<p>Policiais militares do 17 BPM, ap\u00f3s receberem informa\u00e7\u00f5es do local onde se encontrava o suspeito de realizar assalto \u00e0 m\u00e3o armada em uma relojoaria no bairro de Maranguape 2, lograram \u00eaxito em prender o indiv\u00edduo dentro de um apartamento no bairro de Maranguape 1, com alguns dos objetos roubados, por\u00e9m, a arma de fogo utilizada no crime, n\u00e3o foi encontrada. Quando questionado sobre o armamento, o mesmo informou ter usado para quitar d\u00edvidas de drogas e repassou que o dono da arma, era um traficante local. Foram feiras incurs\u00f5es, para tentar localizar o dono da arma, por\u00e9m sem \u00eaxito. O detido foi encaminhado \u00e0 DP de plant\u00e3o de Paulista, juntamente com um notebook, um rel\u00f3gio e um celular sem queixa apreendidos. Seja seguidor do Instagram do Blog @blogdoedvaldomagalhaes<br \/>\nFoto: Divulga\u00e7\u00e3o\/PMPE <\/p>\n","protected":false},"excerpt":{"rendered":"<p>Policiais militares do 17 BPM, ap\u00f3s receberem informa\u00e7\u00f5es do local onde se encontrava o suspeito de realizar assalto \u00e0 m\u00e3o&hellip;<\/p>\n","protected":false},"author":1,"featured_media":114533,"comment_status":"closed","ping_status":"open","sticky":false,"template":"","format":"standard","meta":{"footnotes":""},"categories":[14121],"tags":[29440,27410,2,28801,32192],"class_list":["post-114532","post","type-post","status-publish","format-standard","has-post-thumbnail","hentry","category-policial","tag-blog-com-mais-visualizacao","tag-blog-de-caruaru","tag-blog-do-edvaldo-magalhaes","tag-blog-mais-acessado","tag-pm-prende-acusado-de-roubo-a-estabelecimento-comercial"],"_links":{"self":[{"href":"https:\/\/blogdoedvaldomagalhaes.com.br\/index.php\/wp-json\/wp\/v2\/posts\/114532","targetHints":{"allow":["GET"]}}],"collection":[{"href":"https:\/\/blogdoedvaldomagalhaes.com.br\/index.php\/wp-json\/wp\/v2\/posts"}],"about":[{"href":"https:\/\/blogdoedvaldomagalhaes.com.br\/index.php\/wp-json\/wp\/v2\/types\/post"}],"author":[{"embeddable":true,"href":"https:\/\/blogdoedvaldomagalhaes.com.br\/index.php\/wp-json\/wp\/v2\/users\/1"}],"replies":[{"embeddable":true,"href":"https:\/\/blogdoedvaldomagalhaes.com.br\/index.php\/wp-json\/wp\/v2\/comments?post=114532"}],"version-history":[{"count":1,"href":"https:\/\/blogdoedvaldomagalhaes.com.br\/index.php\/wp-json\/wp\/v2\/posts\/114532\/revisions"}],"predecessor-version":[{"id":114534,"href":"https:\/\/blogdoedvaldomagalhaes.com.br\/index.php\/wp-json\/wp\/v2\/posts\/114532\/revisions\/114534"}],"wp:featuredmedia":[{"embeddable":true,"href":"https:\/\/blogdoedvaldomagalhaes.com.br\/index.php\/wp-json\/wp\/v2\/media\/114533"}],"wp:attachment":[{"href":"https:\/\/blogdoedvaldomagalhaes.com.br\/index.php\/wp-json\/wp\/v2\/media?parent=114532"}],"wp:term":[{"taxonomy":"category","embeddable":true,"href":"https:\/\/blogdoedvaldomagalhaes.com.br\/index.php\/wp-json\/wp\/v2\/categories?post=114532"},{"taxonomy":"post_tag","embeddable":true,"href":"https:\/\/blogdoedvaldomagalhaes.com.br\/index.php\/wp-json\/wp\/v2\/tags?post=114532"}],"curies":[{"name":"wp","href":"https:\/\/api.w.org\/{rel}","templated":true}]}}