{"id":114529,"date":"2024-11-20T10:27:46","date_gmt":"2024-11-20T13:27:46","guid":{"rendered":"https:\/\/blogdoedvaldomagalhaes.com.br\/?p=114529"},"modified":"2024-11-20T10:27:46","modified_gmt":"2024-11-20T13:27:46","slug":"pm-frusta-assalto-e-prende-tres-homens-em-flagrante","status":"publish","type":"post","link":"https:\/\/blogdoedvaldomagalhaes.com.br\/index.php\/2024\/11\/20\/pm-frusta-assalto-e-prende-tres-homens-em-flagrante\/","title":{"rendered":"PM frusta assalto e prende tr\u00eas homens em flagrante"},"content":{"rendered":"<p>Na ter\u00e7a-feira (19.11), policiais do 6\u00ba BPM conseguiram frustrar um assalto em andamento no bairro Jardim Prazeres. Ap\u00f3s receberem informa\u00e7\u00f5es de que o crime estava em curso e de que o ve\u00edculo utilizado pelos criminosos estava sendo rastreado, equipes do Grupo de Apoio T\u00e1tico Itinerante (GATI), em opera\u00e7\u00e3o conjunta com o efetivo local, conseguiram prender tr\u00eas assaltantes. Durante a a\u00e7\u00e3o, foram apreendidos um rev\u00f3lver calibre .38 e um ve\u00edculo roubado. Os envolvidos, bem como os materiais apreendidos, foram conduzidos \u00e0 DP de Prazeres, para ado\u00e7\u00e3o das provid\u00eancias legais cab\u00edveis.<br \/>\nSeja seguidor do Instagram do Blog @blogdoedvaldomagalhaes<br \/>\nFoto: Divulga\u00e7\u00e3o\/PMPE <\/p>\n","protected":false},"excerpt":{"rendered":"<p>Na ter\u00e7a-feira (19.11), policiais do 6\u00ba BPM conseguiram frustrar um assalto em andamento no bairro Jardim Prazeres. Ap\u00f3s receberem informa\u00e7\u00f5es&hellip;<\/p>\n","protected":false},"author":1,"featured_media":114530,"comment_status":"closed","ping_status":"open","sticky":false,"template":"","format":"standard","meta":{"footnotes":""},"categories":[14121],"tags":[29440,27410,13146,28801,32191],"class_list":["post-114529","post","type-post","status-publish","format-standard","has-post-thumbnail","hentry","category-policial","tag-blog-com-mais-visualizacao","tag-blog-de-caruaru","tag-blog-edvaldo-magalhaes","tag-blog-mais-acessado","tag-pm-frusta-assalto-e-prende-tres-homens-em-flagrante"],"_links":{"self":[{"href":"https:\/\/blogdoedvaldomagalhaes.com.br\/index.php\/wp-json\/wp\/v2\/posts\/114529","targetHints":{"allow":["GET"]}}],"collection":[{"href":"https:\/\/blogdoedvaldomagalhaes.com.br\/index.php\/wp-json\/wp\/v2\/posts"}],"about":[{"href":"https:\/\/blogdoedvaldomagalhaes.com.br\/index.php\/wp-json\/wp\/v2\/types\/post"}],"author":[{"embeddable":true,"href":"https:\/\/blogdoedvaldomagalhaes.com.br\/index.php\/wp-json\/wp\/v2\/users\/1"}],"replies":[{"embeddable":true,"href":"https:\/\/blogdoedvaldomagalhaes.com.br\/index.php\/wp-json\/wp\/v2\/comments?post=114529"}],"version-history":[{"count":1,"href":"https:\/\/blogdoedvaldomagalhaes.com.br\/index.php\/wp-json\/wp\/v2\/posts\/114529\/revisions"}],"predecessor-version":[{"id":114531,"href":"https:\/\/blogdoedvaldomagalhaes.com.br\/index.php\/wp-json\/wp\/v2\/posts\/114529\/revisions\/114531"}],"wp:featuredmedia":[{"embeddable":true,"href":"https:\/\/blogdoedvaldomagalhaes.com.br\/index.php\/wp-json\/wp\/v2\/media\/114530"}],"wp:attachment":[{"href":"https:\/\/blogdoedvaldomagalhaes.com.br\/index.php\/wp-json\/wp\/v2\/media?parent=114529"}],"wp:term":[{"taxonomy":"category","embeddable":true,"href":"https:\/\/blogdoedvaldomagalhaes.com.br\/index.php\/wp-json\/wp\/v2\/categories?post=114529"},{"taxonomy":"post_tag","embeddable":true,"href":"https:\/\/blogdoedvaldomagalhaes.com.br\/index.php\/wp-json\/wp\/v2\/tags?post=114529"}],"curies":[{"name":"wp","href":"https:\/\/api.w.org\/{rel}","templated":true}]}}