{"id":114526,"date":"2024-11-20T10:18:24","date_gmt":"2024-11-20T13:18:24","guid":{"rendered":"https:\/\/blogdoedvaldomagalhaes.com.br\/?p=114526"},"modified":"2024-11-20T10:18:24","modified_gmt":"2024-11-20T13:18:24","slug":"grupo-e-detido-com-armas-e-carro-adulterado","status":"publish","type":"post","link":"https:\/\/blogdoedvaldomagalhaes.com.br\/index.php\/2024\/11\/20\/grupo-e-detido-com-armas-e-carro-adulterado\/","title":{"rendered":"Grupo \u00e9 detido com armas e carro adulterado"},"content":{"rendered":"<p>_Motorista e dois passageiros possu\u00edam passagem na pol\u00edcia por diversos crimes_<\/p>\n<p>Quatro homens que estavam em um carro adulterado foram detidos, na noite de ter\u00e7a-feira (19), pela Pol\u00edcia Rodovi\u00e1ria Federal (PRF) e 9\u2070 Batalh\u00e3o de Pol\u00edcia Militar (BPM). A abordagem aconteceu na BR 424, em Garanhuns, onde foram apreendidos um rev\u00f3lver e uma pistola de airsoft.<\/p>\n<p>Policiais realizavam uma fiscaliza\u00e7\u00e3o na rodovia, quando avistaram um carro realizando uma ultrapassagem na \u00e1rea urbana de Garanhuns. Durante a abordagem ao ve\u00edculo, a equipe descobriu que o motorista possu\u00eda passagem na pol\u00edcia por tr\u00e1fico de drogas e associa\u00e7\u00e3o criminosa, al\u00e9m de ter sido preso pela PRF com um carro clonado e arma de fogo em 2020. Dois passageiros tamb\u00e9m possu\u00edam passagem pelo sistema prisional.<\/p>\n<p>Ao realizar uma busca no carro, foram encontradas seis muni\u00e7\u00f5es calibre 32 na porta do passageiro. Pr\u00f3ximo ao ve\u00edculo, as equipes encontraram um rev\u00f3lver do mesmo calibre e uma r\u00e9plica de pistola, que foram arremessados pela janela do autom\u00f3vel.<\/p>\n<p>O motorista disse que havia adquirido o carro h\u00e1 dois meses, dando outro ve\u00edculo e R$40 mil ao vendedor. Ele foi encaminhado junto com os passageiros \u00e0 Delegacia de Pol\u00edcia Civil de Garanhuns.<br \/>\nSeja seguidor do Instagram do Blog @blogdoedvaldomagalhaes<br \/>\nFoto: Divulga\u00e7\u00e3o\/PRF<\/p>\n","protected":false},"excerpt":{"rendered":"<p>_Motorista e dois passageiros possu\u00edam passagem na pol\u00edcia por diversos crimes_ Quatro homens que estavam em um carro adulterado foram&hellip;<\/p>\n","protected":false},"author":1,"featured_media":114527,"comment_status":"closed","ping_status":"open","sticky":false,"template":"","format":"standard","meta":{"footnotes":""},"categories":[14121],"tags":[28803,27410,2,28801,32190],"class_list":["post-114526","post","type-post","status-publish","format-standard","has-post-thumbnail","hentry","category-policial","tag-blog-com-mais-visualizacoes","tag-blog-de-caruaru","tag-blog-do-edvaldo-magalhaes","tag-blog-mais-acessado","tag-grupo-e-detido-com-armas-e-carro-adulterado-em-garanhuns"],"_links":{"self":[{"href":"https:\/\/blogdoedvaldomagalhaes.com.br\/index.php\/wp-json\/wp\/v2\/posts\/114526","targetHints":{"allow":["GET"]}}],"collection":[{"href":"https:\/\/blogdoedvaldomagalhaes.com.br\/index.php\/wp-json\/wp\/v2\/posts"}],"about":[{"href":"https:\/\/blogdoedvaldomagalhaes.com.br\/index.php\/wp-json\/wp\/v2\/types\/post"}],"author":[{"embeddable":true,"href":"https:\/\/blogdoedvaldomagalhaes.com.br\/index.php\/wp-json\/wp\/v2\/users\/1"}],"replies":[{"embeddable":true,"href":"https:\/\/blogdoedvaldomagalhaes.com.br\/index.php\/wp-json\/wp\/v2\/comments?post=114526"}],"version-history":[{"count":1,"href":"https:\/\/blogdoedvaldomagalhaes.com.br\/index.php\/wp-json\/wp\/v2\/posts\/114526\/revisions"}],"predecessor-version":[{"id":114528,"href":"https:\/\/blogdoedvaldomagalhaes.com.br\/index.php\/wp-json\/wp\/v2\/posts\/114526\/revisions\/114528"}],"wp:featuredmedia":[{"embeddable":true,"href":"https:\/\/blogdoedvaldomagalhaes.com.br\/index.php\/wp-json\/wp\/v2\/media\/114527"}],"wp:attachment":[{"href":"https:\/\/blogdoedvaldomagalhaes.com.br\/index.php\/wp-json\/wp\/v2\/media?parent=114526"}],"wp:term":[{"taxonomy":"category","embeddable":true,"href":"https:\/\/blogdoedvaldomagalhaes.com.br\/index.php\/wp-json\/wp\/v2\/categories?post=114526"},{"taxonomy":"post_tag","embeddable":true,"href":"https:\/\/blogdoedvaldomagalhaes.com.br\/index.php\/wp-json\/wp\/v2\/tags?post=114526"}],"curies":[{"name":"wp","href":"https:\/\/api.w.org\/{rel}","templated":true}]}}