{"id":1145,"date":"2018-10-01T19:34:00","date_gmt":"2018-10-01T22:34:00","guid":{"rendered":"http:\/\/blogdoedvaldomagalhaes.com.br\/index.php\/2018\/10\/01\/spm-inicia-atividades-do-outubro-rosa\/"},"modified":"2019-02-09T02:33:17","modified_gmt":"2019-02-09T04:33:17","slug":"spm-inicia-atividades-do-outubro-rosa","status":"publish","type":"post","link":"https:\/\/blogdoedvaldomagalhaes.com.br\/index.php\/2018\/10\/01\/spm-inicia-atividades-do-outubro-rosa\/","title":{"rendered":"SPM inicia atividades do Outubro Rosa na Feira de Caruaru"},"content":{"rendered":"<div class=\"separator\" style=\"clear: both; text-align: center;\">\n<a href=\"https:\/\/3.bp.blogspot.com\/-jXOYqk01lzE\/W7J2mse10xI\/AAAAAAAA6_8\/mdaXkCMstbYmTxyaVv0sDm6_d3I9BqbjgCLcBGAs\/s1600\/7.jpg\" imageanchor=\"1\" style=\"margin-left: 1em; margin-right: 1em;\"><img loading=\"lazy\" decoding=\"async\" border=\"0\" data-original-height=\"1067\" data-original-width=\"1600\" height=\"426\" src=\"http:\/\/blogdoedvaldomagalhaes.com.br\/wp-content\/uploads\/2018\/10\/7-1.jpg\" width=\"640\" \/><\/a><\/div>\n<div class=\"MsoNormal\" style=\"line-height: 14.65pt; margin: 0cm 14.1pt 0.0001pt 0cm; text-align: center;\">\nCr\u00e9ditos das fotos: Arnaldo Felix<\/div>\n<div style=\"text-align: center;\">\n<\/div>\n<div style=\"text-align: justify;\">\nDurante todo o m\u00eas de outubro, a Prefeitura de Caruaru, atrav\u00e9s da Secretaria de Pol\u00edticas para Mulheres (SPM), estar\u00e1 desenvolvendo diversas a\u00e7\u00f5es no munic\u00edpio em alus\u00e3o ao movimento internacional Outubro Rosa, que visa o est\u00edmulo \u00e0 luta e preven\u00e7\u00e3o contra o c\u00e2ncer de mama. A primeira atividade foi realizada na manh\u00e3 desta segunda-feira (01), com uma panfletagem informativa na Feira da Sulanca do munic\u00edpio, no Parque 18 de Maio. Em ades\u00e3o \u00e0 campanha, diversos pr\u00e9dios p\u00fablicos ser\u00e3o iluminados de rosa nesse per\u00edodo: a Prefeitura de Caruaru, a SPM, a Igreja de Santa Luzia (do Monte Bom Jesus), e a Esta\u00e7\u00e3o Ferrovi\u00e1ria.<\/p>\n<\/div>\n<div style=\"text-align: justify;\">\n<div class=\"separator\" style=\"clear: both; text-align: center;\">\n<a href=\"https:\/\/3.bp.blogspot.com\/-dhSaFozYxik\/W7J27dssdhI\/AAAAAAAA7AE\/_ASg3nwgd6QqkbKzWQyX-bbvtYg99wQTQCLcBGAs\/s1600\/4.jpg\" imageanchor=\"1\" style=\"margin-left: 1em; margin-right: 1em;\"><img loading=\"lazy\" decoding=\"async\" border=\"0\" data-original-height=\"1067\" data-original-width=\"1600\" height=\"426\" src=\"http:\/\/blogdoedvaldomagalhaes.com.br\/wp-content\/uploads\/2018\/10\/4-1.jpg\" width=\"640\" \/><\/a><\/div>\n<p><\/div>\n<div style=\"text-align: justify;\">\nA programa\u00e7\u00e3o tamb\u00e9m prev\u00ea a realiza\u00e7\u00e3o de palestras, servi\u00e7os e panfletagens em outras feiras e \u00e1reas urbanas e rurais do munic\u00edpio. \u201cO objetivo \u00e9 chamar a aten\u00e7\u00e3o das pessoas para uma das doen\u00e7as que mais mata as mulheres no mundo: o c\u00e2ncer de mama. A campanha incentiva o autoexame das mamas, que ajuda a identificar, atrav\u00e9s do toque, o surgimento de cisto na regi\u00e3o, que pode ser um sinal de alerta para a mulher ir em busca de orienta\u00e7\u00e3o m\u00e9dica\u201d, destacou a secret\u00e1ria da SPM, Juliana Gouveia.<\/p>\n<\/div>\n<div style=\"text-align: justify;\">\n<div class=\"separator\" style=\"clear: both; text-align: center;\">\n<a href=\"https:\/\/1.bp.blogspot.com\/-3T2eAnHECZ8\/W7J3FuTEm7I\/AAAAAAAA7AI\/iUdLyRKv-xkmDmBP6y1t1V_ocLeeAktpgCLcBGAs\/s1600\/6.jpg\" imageanchor=\"1\" style=\"margin-left: 1em; margin-right: 1em;\"><img loading=\"lazy\" decoding=\"async\" border=\"0\" data-original-height=\"1067\" data-original-width=\"1600\" height=\"426\" src=\"http:\/\/blogdoedvaldomagalhaes.com.br\/wp-content\/uploads\/2018\/10\/6.jpg\" width=\"640\" \/><\/a><\/div>\n<p><\/div>\n<div style=\"text-align: justify;\">\nO alerta \u00e9 para que todas fa\u00e7am exames peri\u00f3dicos a fim de facilitar o diagn\u00f3stico precoce e aumentar as chances de cura. \u201cAcho importante fazer essa a\u00e7\u00e3o para nos lembrar do autoexame que pode ajudar a prevenir, ou detectar a tempo, o c\u00e2ncer de mama, e salvar a vida de muitas mulheres\u201d, declarou Maria do Carmo da Silva, que veio de Alagoas comprar na feira de Caruaru.<\/div>\n","protected":false},"excerpt":{"rendered":"<p>Cr\u00e9ditos das fotos: Arnaldo Felix Durante todo o m\u00eas de outubro, a Prefeitura de Caruaru, atrav\u00e9s da Secretaria de Pol\u00edticas&hellip;<\/p>\n","protected":false},"author":1,"featured_media":0,"comment_status":"open","ping_status":"open","sticky":false,"template":"","format":"standard","meta":{"footnotes":""},"categories":[1],"tags":[2,6,1100],"class_list":["post-1145","post","type-post","status-publish","format-standard","hentry","category-sem-categoria","tag-blog-do-edvaldo-magalhaes","tag-noticias","tag-spm-inicia-atividades-do-outubro-rosa-na-feira-de-caruaru"],"_links":{"self":[{"href":"https:\/\/blogdoedvaldomagalhaes.com.br\/index.php\/wp-json\/wp\/v2\/posts\/1145","targetHints":{"allow":["GET"]}}],"collection":[{"href":"https:\/\/blogdoedvaldomagalhaes.com.br\/index.php\/wp-json\/wp\/v2\/posts"}],"about":[{"href":"https:\/\/blogdoedvaldomagalhaes.com.br\/index.php\/wp-json\/wp\/v2\/types\/post"}],"author":[{"embeddable":true,"href":"https:\/\/blogdoedvaldomagalhaes.com.br\/index.php\/wp-json\/wp\/v2\/users\/1"}],"replies":[{"embeddable":true,"href":"https:\/\/blogdoedvaldomagalhaes.com.br\/index.php\/wp-json\/wp\/v2\/comments?post=1145"}],"version-history":[{"count":1,"href":"https:\/\/blogdoedvaldomagalhaes.com.br\/index.php\/wp-json\/wp\/v2\/posts\/1145\/revisions"}],"predecessor-version":[{"id":34539,"href":"https:\/\/blogdoedvaldomagalhaes.com.br\/index.php\/wp-json\/wp\/v2\/posts\/1145\/revisions\/34539"}],"wp:attachment":[{"href":"https:\/\/blogdoedvaldomagalhaes.com.br\/index.php\/wp-json\/wp\/v2\/media?parent=1145"}],"wp:term":[{"taxonomy":"category","embeddable":true,"href":"https:\/\/blogdoedvaldomagalhaes.com.br\/index.php\/wp-json\/wp\/v2\/categories?post=1145"},{"taxonomy":"post_tag","embeddable":true,"href":"https:\/\/blogdoedvaldomagalhaes.com.br\/index.php\/wp-json\/wp\/v2\/tags?post=1145"}],"curies":[{"name":"wp","href":"https:\/\/api.w.org\/{rel}","templated":true}]}}