{"id":1144,"date":"2018-10-01T21:13:00","date_gmt":"2018-10-02T00:13:00","guid":{"rendered":"http:\/\/blogdoedvaldomagalhaes.com.br\/index.php\/2018\/10\/01\/patrulha-escolar-e-implantada-nas\/"},"modified":"2019-02-09T02:33:21","modified_gmt":"2019-02-09T04:33:21","slug":"patrulha-escolar-e-implantada-nas","status":"publish","type":"post","link":"https:\/\/blogdoedvaldomagalhaes.com.br\/index.php\/2018\/10\/01\/patrulha-escolar-e-implantada-nas\/","title":{"rendered":"Patrulha Escolar \u00e9 implantada nas escolas da rede municipal de Caruaru"},"content":{"rendered":"<div class=\"separator\" style=\"clear: both; text-align: center;\">\n<a href=\"https:\/\/3.bp.blogspot.com\/-e118RhxX2g4\/W7KNZ13CU8I\/AAAAAAAA7BA\/EWTdhWhjGe49pwXyqE733vL6soQW2JY0gCLcBGAs\/s1600\/gusar%2B1.jpg\" imageanchor=\"1\" style=\"margin-left: 1em; margin-right: 1em;\"><img loading=\"lazy\" decoding=\"async\" border=\"0\" data-original-height=\"927\" data-original-width=\"1600\" height=\"370\" src=\"http:\/\/blogdoedvaldomagalhaes.com.br\/wp-content\/uploads\/2018\/10\/gusar1.jpg\" width=\"640\" \/><\/a><\/div>\n<div class=\"MsoNormal\" style=\"background-color: white; color: #222222; line-height: 22px; margin: 0cm 0cm 8pt; text-align: center;\">\nFotos: Arnaldo F\u00e9lix<\/div>\n<div style=\"text-align: justify;\">\nA Autarquia Municipal de Defesa Social, Tr\u00e2nsito e Transportes (Destra), iniciou na manh\u00e3 desta segunda-feira, 01, a\u00e7\u00f5es da patrulha escolar. O servi\u00e7o, realizado pela Guarda Municipal, consiste na preven\u00e7\u00e3o da viol\u00eancia e promo\u00e7\u00e3o da cidadania no ambiente escolar. Equipes da Guarda ir\u00e3o realizar rondas di\u00e1rias e a\u00e7\u00f5es de presen\u00e7a no entorno e interior das escolas da rede municipal de ensino, verificando pontos sens\u00edveis \u00e0 seguran\u00e7a da comunidade escolar e auxiliando na fluidez e seguran\u00e7a no tr\u00e2nsito.<\/div>\n<div style=\"text-align: justify;\">\n<\/div>\n<div class=\"separator\" style=\"clear: both; text-align: center;\">\n<a href=\"https:\/\/2.bp.blogspot.com\/-nICmGiWhjkQ\/W7KNmqAEmCI\/AAAAAAAA7BE\/RY_unwdxnxA0U_HD6vVpvDomOxul-YubgCLcBGAs\/s1600\/gusarda.jpg\" imageanchor=\"1\" style=\"margin-left: 1em; margin-right: 1em;\"><img loading=\"lazy\" decoding=\"async\" border=\"0\" data-original-height=\"1067\" data-original-width=\"1600\" height=\"426\" src=\"http:\/\/blogdoedvaldomagalhaes.com.br\/wp-content\/uploads\/2018\/10\/gusarda.jpg\" width=\"640\" \/><\/a><\/div>\n<p><\/p>\n<div style=\"text-align: justify;\">\n<\/div>\n<div style=\"text-align: justify;\">\n\u201cA proposta da Patrulha Escolar \u00e9 garantir mais sensa\u00e7\u00e3o de seguran\u00e7a no entorno das escolas e estabelecer um canal de comunica\u00e7\u00e3o mais pr\u00f3ximo com a comunidade escolar, a fim de identificar vulnerabilidades e trabalharmos juntos em prol da seguran\u00e7a e tranquilidade nesses ambientes\u201d, explicou o diretor-presidente da Destra, Roberto Bezerra.<\/div>\n<div style=\"text-align: justify;\">\n<\/div>\n<div class=\"separator\" style=\"clear: both; text-align: center;\">\n<a href=\"https:\/\/2.bp.blogspot.com\/-FN0x-Znuhpg\/W7KNusNYAxI\/AAAAAAAA7BM\/5_dDuJijOIIwIi7yZW1h4FfmeCZl0w1bgCLcBGAs\/s1600\/gusarda%2B3.jpg\" imageanchor=\"1\" style=\"margin-left: 1em; margin-right: 1em;\"><img loading=\"lazy\" decoding=\"async\" border=\"0\" data-original-height=\"1060\" data-original-width=\"1600\" height=\"422\" src=\"http:\/\/blogdoedvaldomagalhaes.com.br\/wp-content\/uploads\/2018\/10\/gusarda3.jpg\" width=\"640\" \/><\/a><\/div>\n<div style=\"text-align: justify;\">\n<\/div>\n<div style=\"text-align: justify;\">\nA atua\u00e7\u00e3o da Guarda Municipal na promo\u00e7\u00e3o da cidadania \u00e9 cont\u00ednua e j\u00e1 acontece por meio de palestras. \u201cA Guarda Municipal, atrav\u00e9s do Grupamento Educativo, executa esse trabalho h\u00e1 sete anos, com palestras educativas nas escolas. Hoje iniciou uma expans\u00e3o dessa atua\u00e7\u00e3o, atrav\u00e9s da patrulha escolar, que vem trazer essa imagem de pol\u00edcia de proximidade, estreitando la\u00e7os com os estudantes\u201d, comentou o inspetor da Guarda Municipal, Thiago Falc\u00e3o.<\/div>\n<div style=\"text-align: justify;\">\n<\/div>\n<div class=\"separator\" style=\"clear: both; text-align: center;\">\n<a href=\"https:\/\/4.bp.blogspot.com\/-1fJ9pigm338\/W7KN8lLMFaI\/AAAAAAAA7BU\/t7xPNwQQCeA3kLdQ3pUYD8j8ALtOf2wmQCLcBGAs\/s1600\/guarda%2B4.jpg\" imageanchor=\"1\" style=\"margin-left: 1em; margin-right: 1em;\"><img loading=\"lazy\" decoding=\"async\" border=\"0\" data-original-height=\"1067\" data-original-width=\"1600\" height=\"426\" src=\"http:\/\/blogdoedvaldomagalhaes.com.br\/wp-content\/uploads\/2018\/10\/guarda4.jpg\" width=\"640\" \/><\/a><\/div>\n<div style=\"text-align: justify;\">\n<\/div>\n","protected":false},"excerpt":{"rendered":"<p>Fotos: Arnaldo F\u00e9lix A Autarquia Municipal de Defesa Social, Tr\u00e2nsito e Transportes (Destra), iniciou na manh\u00e3 desta segunda-feira, 01, a\u00e7\u00f5es&hellip;<\/p>\n","protected":false},"author":1,"featured_media":0,"comment_status":"open","ping_status":"open","sticky":false,"template":"","format":"standard","meta":{"footnotes":""},"categories":[1],"tags":[2,6,1099],"class_list":["post-1144","post","type-post","status-publish","format-standard","hentry","category-sem-categoria","tag-blog-do-edvaldo-magalhaes","tag-noticias","tag-patrulha-escolar-e-implantada-nas-escolas-da-rede-municipal-de-caruaru"],"_links":{"self":[{"href":"https:\/\/blogdoedvaldomagalhaes.com.br\/index.php\/wp-json\/wp\/v2\/posts\/1144","targetHints":{"allow":["GET"]}}],"collection":[{"href":"https:\/\/blogdoedvaldomagalhaes.com.br\/index.php\/wp-json\/wp\/v2\/posts"}],"about":[{"href":"https:\/\/blogdoedvaldomagalhaes.com.br\/index.php\/wp-json\/wp\/v2\/types\/post"}],"author":[{"embeddable":true,"href":"https:\/\/blogdoedvaldomagalhaes.com.br\/index.php\/wp-json\/wp\/v2\/users\/1"}],"replies":[{"embeddable":true,"href":"https:\/\/blogdoedvaldomagalhaes.com.br\/index.php\/wp-json\/wp\/v2\/comments?post=1144"}],"version-history":[{"count":1,"href":"https:\/\/blogdoedvaldomagalhaes.com.br\/index.php\/wp-json\/wp\/v2\/posts\/1144\/revisions"}],"predecessor-version":[{"id":34544,"href":"https:\/\/blogdoedvaldomagalhaes.com.br\/index.php\/wp-json\/wp\/v2\/posts\/1144\/revisions\/34544"}],"wp:attachment":[{"href":"https:\/\/blogdoedvaldomagalhaes.com.br\/index.php\/wp-json\/wp\/v2\/media?parent=1144"}],"wp:term":[{"taxonomy":"category","embeddable":true,"href":"https:\/\/blogdoedvaldomagalhaes.com.br\/index.php\/wp-json\/wp\/v2\/categories?post=1144"},{"taxonomy":"post_tag","embeddable":true,"href":"https:\/\/blogdoedvaldomagalhaes.com.br\/index.php\/wp-json\/wp\/v2\/tags?post=1144"}],"curies":[{"name":"wp","href":"https:\/\/api.w.org\/{rel}","templated":true}]}}