{"id":1143,"date":"2018-10-01T21:27:00","date_gmt":"2018-10-02T00:27:00","guid":{"rendered":"http:\/\/blogdoedvaldomagalhaes.com.br\/index.php\/2018\/10\/01\/calendario-de-abastecimento-de-agua-e\/"},"modified":"2019-02-09T02:33:21","modified_gmt":"2019-02-09T04:33:21","slug":"calendario-de-abastecimento-de-agua-e","status":"publish","type":"post","link":"https:\/\/blogdoedvaldomagalhaes.com.br\/index.php\/2018\/10\/01\/calendario-de-abastecimento-de-agua-e\/","title":{"rendered":"Calend\u00e1rio de abastecimento de \u00e1gua em Caruaru no m\u00eas de outubro"},"content":{"rendered":"<div class=\"separator\" style=\"clear: both; text-align: center;\">\n<a href=\"https:\/\/2.bp.blogspot.com\/-ymF6yhBqcV0\/W7KRGkJhMqI\/AAAAAAAA7Bk\/8cL3uWZWaUANbd-uPCmjjKKrf3lryTpBgCLcBGAs\/s1600\/compesa.jpg\" imageanchor=\"1\" style=\"margin-left: 1em; margin-right: 1em;\"><img loading=\"lazy\" decoding=\"async\" border=\"0\" data-original-height=\"295\" data-original-width=\"500\" height=\"372\" src=\"http:\/\/blogdoedvaldomagalhaes.com.br\/wp-content\/uploads\/2018\/10\/compesa.jpg\" width=\"640\" \/><\/a><\/div>\n<div class=\"separator\" style=\"clear: both; text-align: center;\">\n<\/div>\n<div class=\"separator\" style=\"clear: both; text-align: center;\">\n<\/div>\n<div style=\"text-align: justify;\">\nO rod\u00edzio permanece de cinco dias com \u00e1gua e 10 sem.&nbsp;Confira o calend\u00e1rio para outubro:<\/p>\n<\/div>\n<div style=\"text-align: justify;\">\n<b>(SETOR 01) 02, 03, 04, 05, 06, 17, 18, 19, 20 e 21<\/b><\/div>\n<div style=\"text-align: justify;\">\nCidade Jardim<\/div>\n<div style=\"text-align: justify;\">\nSalgado (parte baixa)<\/div>\n<div style=\"text-align: justify;\">\nRendeiras (COHAB III \u2013 parte alta)<\/div>\n<div style=\"text-align: justify;\">\nLoteamento Para\u00edso<\/div>\n<div style=\"text-align: justify;\">\nS\u00e3o Jo\u00e3o da Esc\u00f3cia (parta baixa)<\/div>\n<div style=\"text-align: justify;\">\nCenten\u00e1rio<\/div>\n<div style=\"text-align: justify;\">\nDivin\u00f3polis<\/div>\n<div style=\"text-align: justify;\">\nMaur\u00edcio de Nassau<\/div>\n<div style=\"text-align: justify;\">\nUniversit\u00e1rio<\/div>\n<div style=\"text-align: justify;\">\nS\u00e3o Francisco<\/div>\n<div style=\"text-align: justify;\">\nParte do Vassoural pr\u00f3ximo ao pres\u00eddio \u2013<\/div>\n<div style=\"text-align: justify;\">\nruas no trecho entre Luiz Gonzaga e Rua do<\/div>\n<div style=\"text-align: justify;\">\nVassoural:<\/div>\n<div style=\"text-align: justify;\">\nMaria Tereza<\/div>\n<div style=\"text-align: justify;\">\nIvanildo Cordeiro de Souza<\/div>\n<div style=\"text-align: justify;\">\nJo\u00e3o Cordeiro de Souza<\/div>\n<div style=\"text-align: justify;\">\nMaria Cordeiro de Miscena<\/div>\n<div style=\"text-align: justify;\">\nAsa Branca<\/div>\n<div style=\"text-align: justify;\">\nTravessa Henrique Soares<\/div>\n<div style=\"text-align: justify;\">\n<\/div>\n<div style=\"text-align: justify;\">\nRuas:<\/div>\n<div style=\"text-align: justify;\">\nCom. Luiz Gonzaga<\/div>\n<div style=\"text-align: justify;\">\nLuiz Serafim de Souza<\/div>\n<div style=\"text-align: justify;\">\n1\u00aa, 2\u00aa e 3\u00aa TV Henrique Soares<\/div>\n<div style=\"text-align: justify;\">\nFiladelfia A. da Costa<\/div>\n<div style=\"text-align: justify;\">\nJuazeiro do Norte<\/div>\n<div style=\"text-align: justify;\">\nTodos os Santos<\/div>\n<div style=\"text-align: justify;\">\nRua do Vassoural<\/div>\n<div style=\"text-align: justify;\">\n5\u00aa TV Alfredo Pinto (Goiana)<\/div>\n<div style=\"text-align: justify;\">\nJos\u00e9 Nunes de Ara\u00fajo<\/div>\n<div style=\"text-align: justify;\">\nJos\u00e9 do Patroc\u00ednio<\/div>\n<div style=\"text-align: justify;\">\nEsp\u00edrito Santo<\/div>\n<div style=\"text-align: justify;\">\nCarlos Alexandre<\/div>\n<div style=\"text-align: justify;\">\nPetrol\u00e2ndia<\/div>\n<div style=\"text-align: justify;\">\n5\u00aa TV do Vassoural<\/div>\n<div style=\"text-align: justify;\">\nNazar\u00e9 da Mata<\/div>\n<div style=\"text-align: justify;\">\nBelmonte<\/div>\n<div style=\"text-align: justify;\">\nTV e Rua Imperial (acima da Bernardo Vieira<\/div>\n<div style=\"text-align: justify;\">\nde Melo)<\/div>\n<div style=\"text-align: justify;\">\nEstrada de Campina<\/div>\n<div style=\"text-align: justify;\">\nLuiz de Fran\u00e7a Pereira<\/div>\n<div style=\"text-align: justify;\">\nSanta Rosa (parte alta)<\/div>\n<div style=\"text-align: justify;\">\nVila Serena<\/div>\n<div style=\"text-align: justify;\">\nCampo Novo do Sul<\/div>\n<div style=\"text-align: justify;\">\nVila Campo Novo de Baixo e de Cima<\/div>\n<div style=\"text-align: justify;\">\nSest\/Senat<\/div>\n<div style=\"text-align: justify;\">\nCidade Alta: Adalgisa Nunes 1 e 2<\/div>\n<div style=\"text-align: justify;\">\nVila Agamenon<\/div>\n<div style=\"text-align: justify;\">\nParte do Petr\u00f3polis (ruas: 1\u00aa TV, 2\u00aa TV, 3\u00aa TV<\/div>\n<div style=\"text-align: justify;\">\ne Rua Prof. Adelia Leal, Manoel Lopes,<\/div>\n<div style=\"text-align: justify;\">\nHenrique Soares, Sta Catarina, Cristo Rei,<\/div>\n<div style=\"text-align: justify;\">\nSanhar\u00f3, 2\u00aa TV C\u00edcero Jos\u00e9 Dutra e Te\u00f3filo<\/div>\n<div style=\"text-align: justify;\">\nOtoni)<\/div>\n<div style=\"text-align: justify;\">\n<\/div>\n<div style=\"text-align: justify;\">\n<b>(SETOR 02) 07, 08, 09, 10, 11, 22, 23, 24, 25 e 26<\/b><\/div>\n<div style=\"text-align: justify;\">\nSalgado (parte alta)<\/div>\n<div style=\"text-align: justify;\">\nS\u00e3o Jo\u00e3o da Esc\u00f3cia (parte alta)<\/div>\n<div style=\"text-align: justify;\">\nMonte Carmelo<\/div>\n<div style=\"text-align: justify;\">\nLagoa do Algod\u00e3o<\/div>\n<div style=\"text-align: justify;\">\nQuintas da Colina<\/div>\n<div style=\"text-align: justify;\">\nRendeiras (parte baixa)<\/div>\n<div style=\"text-align: justify;\">\nMorada Nova<\/div>\n<div style=\"text-align: justify;\">\nSerran\u00f3polis<\/div>\n<div style=\"text-align: justify;\">\nGon\u00e7alves Ferreira<\/div>\n<div style=\"text-align: justify;\">\nInocoop<\/div>\n<div style=\"text-align: justify;\">\nCedro<\/div>\n<div style=\"text-align: justify;\">\nJardim dos Pinheiros<\/div>\n<div style=\"text-align: justify;\">\nMonte Sinai<\/div>\n<div style=\"text-align: justify;\">\nVila Fernando Lira<\/div>\n<div style=\"text-align: justify;\">\nLuiz Gonzaga<\/div>\n<div style=\"text-align: justify;\">\nJardim dos Coqueiros<\/div>\n<div style=\"text-align: justify;\">\nJardim dos Alecrins<\/div>\n<div style=\"text-align: justify;\">\nJardim dos Ip\u00eas<\/div>\n<div style=\"text-align: justify;\">\nPortal do Sol<\/div>\n<div style=\"text-align: justify;\">\nNossa Senhora das Dores<\/div>\n<div style=\"text-align: justify;\">\nCentro<\/div>\n<div style=\"text-align: justify;\">\nVassoural (parte baixa)<\/div>\n<div style=\"text-align: justify;\">\nSanta Rosa (parte baixa)<\/div>\n<div style=\"text-align: justify;\">\nIndian\u00f3polis<\/div>\n<div style=\"text-align: justify;\">\nRiach\u00e3o<\/div>\n<div style=\"text-align: justify;\">\nAlta da Balan\u00e7a<\/div>\n<div style=\"text-align: justify;\">\nPetr\u00f3polis<\/div>\n<div style=\"text-align: justify;\">\nParque 18 de Maio<\/div>\n<div style=\"text-align: justify;\">\nJardim Liberdade (Alto da Banana)<\/div>\n<div style=\"text-align: justify;\">\nResidencial Shopping<\/div>\n<div style=\"text-align: justify;\">\nFavip<\/div>\n<div style=\"text-align: justify;\">\nPr\u00e9dios da Brapor<\/div>\n<div style=\"text-align: justify;\">\nVassoural (parte alta)<\/div>\n<div style=\"text-align: justify;\">\nRosan\u00f3polis<\/div>\n<div style=\"text-align: justify;\">\nUPA<\/div>\n<div style=\"text-align: justify;\">\nResidencial Alto do Moura<\/div>\n<div style=\"text-align: justify;\">\nVista Alegre<\/div>\n<div style=\"text-align: justify;\">\nCidade Alta: Encanto da Serra<\/div>\n<div style=\"text-align: justify;\">\n<\/div>\n<div style=\"text-align: justify;\">\n<b>(SETOR 3) 01, 12, 13, 14, 15, 16, 27, 28, 29, 30 e 31<\/b><\/div>\n<div style=\"text-align: justify;\">\nLoteamento S\u00e3o Jos\u00e9<\/div>\n<div style=\"text-align: justify;\">\nJos\u00e9 Liberato<\/div>\n<div style=\"text-align: justify;\">\nParte oeste de Caruaru 1:<\/div>\n<div style=\"text-align: justify;\">\nMaria Auxiliadora (parte baixa)<\/div>\n<div style=\"text-align: justify;\">\nHosana<\/div>\n<div style=\"text-align: justify;\">\nVila do Aeroporto<\/div>\n<div style=\"text-align: justify;\">\nJos\u00e9 Carlos de Oliveira (parte baixa)<\/div>\n<div style=\"text-align: justify;\">\nVila Padre In\u00e1cio<\/div>\n<div style=\"text-align: justify;\">\nVila Diocesano<\/div>\n<div style=\"text-align: justify;\">\nJo\u00e3o Barreto<\/div>\n<div style=\"text-align: justify;\">\nJo\u00e3o Mota<\/div>\n<div style=\"text-align: justify;\">\nVila Kennedy<\/div>\n<div style=\"text-align: justify;\">\nKennedy<\/div>\n<div style=\"text-align: justify;\">\nSol Poente<\/div>\n<div style=\"text-align: justify;\">\nCaiuc\u00e1<\/div>\n<div style=\"text-align: justify;\">\nPortal do Agreste<\/div>\n<div style=\"text-align: justify;\">\nPosto Agamenon<\/div>\n<div style=\"text-align: justify;\">\nS\u00edtio Campos<\/div>\n<div style=\"text-align: justify;\">\nVila Cip\u00f3<\/div>\n<div style=\"text-align: justify;\">\nLagoa de Pedra<\/div>\n<div style=\"text-align: justify;\">\nMestre Vitalino<\/div>\n<div style=\"text-align: justify;\">\nAlto do Moura Village<\/div>\n<div style=\"text-align: justify;\">\nResidencial Luiz Bezerra Torres I e II<\/div>\n<div style=\"text-align: justify;\">\nBares (Alto do Moura)<\/div>\n<div style=\"text-align: justify;\">\nAlto das Sete Luas<\/div>\n<div style=\"text-align: justify;\">\nTcheguevara<\/div>\n<div style=\"text-align: justify;\">\nPolo Comercial<\/div>\n<div style=\"text-align: justify;\">\nUFPE<\/div>\n<div style=\"text-align: justify;\">\nAlphaville<\/div>\n<div style=\"text-align: justify;\">\nHospital Mestre Vitalino<\/div>\n<div style=\"text-align: justify;\">\nParque da Cidade<\/div>\n<div style=\"text-align: justify;\">\nParte oeste de Caruaru 2:<\/div>\n<div style=\"text-align: justify;\">\nMaria Auxiliadora (parte alta)<\/div>\n<div style=\"text-align: justify;\">\nBoa Vista I e II (COHAB 1 e 2)<\/div>\n<div style=\"text-align: justify;\">\nTr\u00eas Bandeiras<\/div>\n<div style=\"text-align: justify;\">\nNova Caruaru<\/div>\n<div style=\"text-align: justify;\">\nJardim Panorama<\/div>\n<div style=\"text-align: justify;\">\nVila Andorinha<\/div>\n<div style=\"text-align: justify;\">\nCaru\u00e1<\/div>\n<div style=\"text-align: justify;\">\nBara\u00fanas<\/div>\n<div style=\"text-align: justify;\">\nMandacaru<\/div>\n<div style=\"text-align: justify;\">\nNovo Mundo<\/div>\n<div style=\"text-align: justify;\">\nDem\u00f3stenes Veras<\/div>\n<div style=\"text-align: justify;\">\nJos\u00e9 Carlos de Oliveira (parte alta)<\/div>\n<div style=\"text-align: justify;\">\nRamiro de Souza<\/div>\n<div style=\"text-align: justify;\">\nJardim Boa Vista<\/div>\n<div style=\"text-align: justify;\">\nSeverino Afonso<\/div>\n<div style=\"text-align: justify;\">\nResidencial Vit\u00f3ria<\/div>\n<div style=\"text-align: justify;\">\nParque Real<\/div>\n<div style=\"text-align: justify;\">\nResidencial Ipojuca<\/div>\n<div style=\"text-align: justify;\">\nResidencial Xique Xique<\/div>\n<div style=\"text-align: justify;\">\nSantos Dumont<\/div>\n<div style=\"text-align: justify;\">\nJo\u00e3o Batista<\/div>\n<div style=\"text-align: justify;\">\nPinheir\u00f3polis (Vila dos Oficiais)<\/div>\n<div style=\"text-align: justify;\">\nCidade Alta: Adalgisa Nunes 3 e 4 e<\/div>\n<div style=\"text-align: justify;\">\nResidencial Wirton Lira<\/div>\n<div style=\"text-align: justify;\">\n<\/div>\n<div style=\"text-align: justify;\">\n<b>Monte Bom Jesus (2 dias com \u00e1gua e 4 sem)<\/b><\/div>\n<div style=\"text-align: justify;\">\n<\/div>\n<div style=\"text-align: justify;\">\n04, 05, 10, 11, 16, 17, 22, 23, 28 e 29<\/div>\n<div style=\"text-align: justify;\">\nRua B\u00e9lgica<\/div>\n<div style=\"text-align: justify;\">\nRua Su\u00ed\u00e7a<\/div>\n<div style=\"text-align: justify;\">\n<\/div>\n<div style=\"text-align: justify;\">\n01, 06, 07, 12, 13, 18, 19, 24, 25, 30 e 31<\/div>\n<div style=\"text-align: justify;\">\nRua Fortaleza<\/div>\n<div style=\"text-align: justify;\">\nRua Paran\u00e1<\/div>\n<div style=\"text-align: justify;\">\n<\/div>\n<div style=\"text-align: justify;\">\n02, 03, 08, 09, 14, 15, 20, 21, 26 e 27<\/div>\n<div style=\"text-align: justify;\">\nAvenida S\u00e3o Jos\u00e9<\/div>\n<div style=\"text-align: justify;\">\nRua Professor Ferr\u00facio<\/div>\n<div style=\"text-align: justify;\">\nRua da S\u00e9<\/div>\n<div style=\"text-align: justify;\">\nTravessa da S\u00e9<\/div>\n<div style=\"text-align: justify;\">\n<\/div>\n<div style=\"text-align: justify;\">\n<b>Alto do Moura (5 dias com \u00e1gua e 9 sem)<\/b><\/div>\n<div style=\"text-align: justify;\">\n<\/div>\n<div style=\"text-align: justify;\">\n08, 09, 10, 11, 12, 22, 23, 24, 25 e 26<\/div>\n<div style=\"text-align: justify;\">\nVila Nossa Senhora das Gra\u00e7as 1<\/div>\n<div style=\"text-align: justify;\">\nC\u00edcero das Carro\u00e7as<\/div>\n<div style=\"text-align: justify;\">\nMestre Vitalino 2 \/ Parte alta do Alto do<\/div>\n<div style=\"text-align: justify;\">\nMoura<\/div>\n<div style=\"text-align: justify;\">\n<\/div>\n<div style=\"text-align: justify;\">\n01, 02, 03, 04, 05, 15, 16, 17, 18, 19, 29, 30 e 31<\/div>\n<div style=\"text-align: justify;\">\nParte Baixa do Alto do Moura<\/div>\n<div style=\"text-align: justify;\">\nRua do Cemit\u00e9rio<\/div>\n<div style=\"text-align: justify;\">\nVila Nossa Senhora das Gra\u00e7as 2<\/div>\n<div style=\"text-align: justify;\">\n<\/div>\n<div style=\"text-align: justify;\">\n<b>Fins de Semana<\/b><\/div>\n<div style=\"text-align: justify;\">\nPor tr\u00e1s dos bares:<\/div>\n<div style=\"text-align: justify;\">\nRua Ant\u00f4nio Vitalino<\/div>\n<div style=\"text-align: justify;\">\nRua da Elevat\u00f3ria (Rua Alto S\u00e3o Jos\u00e9)<\/div>\n<div style=\"text-align: justify;\">\n<\/div>\n","protected":false},"excerpt":{"rendered":"<p>O rod\u00edzio permanece de cinco dias com \u00e1gua e 10 sem.&nbsp;Confira o calend\u00e1rio para outubro: (SETOR 01) 02, 03, 04,&hellip;<\/p>\n","protected":false},"author":1,"featured_media":0,"comment_status":"open","ping_status":"open","sticky":false,"template":"","format":"standard","meta":{"footnotes":""},"categories":[1],"tags":[2,1098,6],"class_list":["post-1143","post","type-post","status-publish","format-standard","hentry","category-sem-categoria","tag-blog-do-edvaldo-magalhaes","tag-calendario-de-abastecimento-de-agua-em-caruaru-no-mes-de-outubro","tag-noticias"],"_links":{"self":[{"href":"https:\/\/blogdoedvaldomagalhaes.com.br\/index.php\/wp-json\/wp\/v2\/posts\/1143","targetHints":{"allow":["GET"]}}],"collection":[{"href":"https:\/\/blogdoedvaldomagalhaes.com.br\/index.php\/wp-json\/wp\/v2\/posts"}],"about":[{"href":"https:\/\/blogdoedvaldomagalhaes.com.br\/index.php\/wp-json\/wp\/v2\/types\/post"}],"author":[{"embeddable":true,"href":"https:\/\/blogdoedvaldomagalhaes.com.br\/index.php\/wp-json\/wp\/v2\/users\/1"}],"replies":[{"embeddable":true,"href":"https:\/\/blogdoedvaldomagalhaes.com.br\/index.php\/wp-json\/wp\/v2\/comments?post=1143"}],"version-history":[{"count":1,"href":"https:\/\/blogdoedvaldomagalhaes.com.br\/index.php\/wp-json\/wp\/v2\/posts\/1143\/revisions"}],"predecessor-version":[{"id":34546,"href":"https:\/\/blogdoedvaldomagalhaes.com.br\/index.php\/wp-json\/wp\/v2\/posts\/1143\/revisions\/34546"}],"wp:attachment":[{"href":"https:\/\/blogdoedvaldomagalhaes.com.br\/index.php\/wp-json\/wp\/v2\/media?parent=1143"}],"wp:term":[{"taxonomy":"category","embeddable":true,"href":"https:\/\/blogdoedvaldomagalhaes.com.br\/index.php\/wp-json\/wp\/v2\/categories?post=1143"},{"taxonomy":"post_tag","embeddable":true,"href":"https:\/\/blogdoedvaldomagalhaes.com.br\/index.php\/wp-json\/wp\/v2\/tags?post=1143"}],"curies":[{"name":"wp","href":"https:\/\/api.w.org\/{rel}","templated":true}]}}