{"id":114150,"date":"2024-11-05T19:24:37","date_gmt":"2024-11-05T22:24:37","guid":{"rendered":"https:\/\/blogdoedvaldomagalhaes.com.br\/?p=114150"},"modified":"2024-11-05T23:21:30","modified_gmt":"2024-11-06T02:21:30","slug":"homem-e-assassinado-em-frente-a-salao-de-beleza-em-caruaru","status":"publish","type":"post","link":"https:\/\/blogdoedvaldomagalhaes.com.br\/index.php\/2024\/11\/05\/homem-e-assassinado-em-frente-a-salao-de-beleza-em-caruaru\/","title":{"rendered":"Homem \u00e9 assassinado em frente a sal\u00e3o de beleza, em Caruaru"},"content":{"rendered":"<p>Um homem foi assassinado nesta ter\u00e7a-feira (05.11), na Travessa Henrique Soares, no bairro Vassoural. A v\u00edtima foi Victor Henrique da Silva, 27 anos, que residia na rua Capit\u00e3o D\u00e9, no bairro Santa Rosa, e que j\u00e1 teve passagem pela pol\u00edcia acusado de tr\u00e1fico de droga. Os algozes efetuaram v\u00e1rios disparos de arma de fogo. O corpo ser\u00e1 encaminhado ao IML.<\/p>\n<p><img loading=\"lazy\" decoding=\"async\" src=\"https:\/\/blogdoedvaldomagalhaes.com.br\/wp-content\/uploads\/2024\/11\/img-20241105-wa02344936818468579342058.jpg\" class=\"alignnone size-full wp-image-114153\" width=\"739\" height=\"587\" srcset=\"https:\/\/blogdoedvaldomagalhaes.com.br\/wp-content\/uploads\/2024\/11\/img-20241105-wa02344936818468579342058.jpg 739w, https:\/\/blogdoedvaldomagalhaes.com.br\/wp-content\/uploads\/2024\/11\/img-20241105-wa02344936818468579342058-300x238.jpg 300w\" sizes=\"auto, (max-width: 739px) 100vw, 739px\" \/><\/p>\n<p>Foto da v\u00edtima<\/p>\n","protected":false},"excerpt":{"rendered":"<p>Um homem foi assassinado nesta ter\u00e7a-feira (05.11), na Travessa Henrique Soares, no bairro Vassoural. A v\u00edtima foi Victor Henrique da&hellip;<\/p>\n","protected":false},"author":1,"featured_media":114151,"comment_status":"closed","ping_status":"open","sticky":false,"template":"","format":"standard","meta":{"footnotes":""},"categories":[14121],"tags":[30592,27410,2,28801,32074],"class_list":["post-114150","post","type-post","status-publish","format-standard","has-post-thumbnail","hentry","category-policial","tag-blog-com-mais-seguidores","tag-blog-de-caruaru","tag-blog-do-edvaldo-magalhaes","tag-blog-mais-acessado","tag-homem-e-assassinado-em-frente-a-salao-de-beleza-em-caruaru"],"_links":{"self":[{"href":"https:\/\/blogdoedvaldomagalhaes.com.br\/index.php\/wp-json\/wp\/v2\/posts\/114150","targetHints":{"allow":["GET"]}}],"collection":[{"href":"https:\/\/blogdoedvaldomagalhaes.com.br\/index.php\/wp-json\/wp\/v2\/posts"}],"about":[{"href":"https:\/\/blogdoedvaldomagalhaes.com.br\/index.php\/wp-json\/wp\/v2\/types\/post"}],"author":[{"embeddable":true,"href":"https:\/\/blogdoedvaldomagalhaes.com.br\/index.php\/wp-json\/wp\/v2\/users\/1"}],"replies":[{"embeddable":true,"href":"https:\/\/blogdoedvaldomagalhaes.com.br\/index.php\/wp-json\/wp\/v2\/comments?post=114150"}],"version-history":[{"count":2,"href":"https:\/\/blogdoedvaldomagalhaes.com.br\/index.php\/wp-json\/wp\/v2\/posts\/114150\/revisions"}],"predecessor-version":[{"id":114154,"href":"https:\/\/blogdoedvaldomagalhaes.com.br\/index.php\/wp-json\/wp\/v2\/posts\/114150\/revisions\/114154"}],"wp:featuredmedia":[{"embeddable":true,"href":"https:\/\/blogdoedvaldomagalhaes.com.br\/index.php\/wp-json\/wp\/v2\/media\/114151"}],"wp:attachment":[{"href":"https:\/\/blogdoedvaldomagalhaes.com.br\/index.php\/wp-json\/wp\/v2\/media?parent=114150"}],"wp:term":[{"taxonomy":"category","embeddable":true,"href":"https:\/\/blogdoedvaldomagalhaes.com.br\/index.php\/wp-json\/wp\/v2\/categories?post=114150"},{"taxonomy":"post_tag","embeddable":true,"href":"https:\/\/blogdoedvaldomagalhaes.com.br\/index.php\/wp-json\/wp\/v2\/tags?post=114150"}],"curies":[{"name":"wp","href":"https:\/\/api.w.org\/{rel}","templated":true}]}}