{"id":114147,"date":"2024-11-05T15:48:44","date_gmt":"2024-11-05T18:48:44","guid":{"rendered":"https:\/\/blogdoedvaldomagalhaes.com.br\/?p=114147"},"modified":"2024-11-05T15:48:44","modified_gmt":"2024-11-05T18:48:44","slug":"vereador-jorge-quintino-propoe-carteira-de-identidade-funcional-para-professores-de-caruaru","status":"publish","type":"post","link":"https:\/\/blogdoedvaldomagalhaes.com.br\/index.php\/2024\/11\/05\/vereador-jorge-quintino-propoe-carteira-de-identidade-funcional-para-professores-de-caruaru\/","title":{"rendered":"Vereador Jorge Quintino prop\u00f5e Carteira de Identidade Funcional para Professores de Caruaru"},"content":{"rendered":"<p>Em defesa dos direitos e do reconhecimento da categoria dos professores, o vereador e professor Jorge Quintino apresentou um projeto inovador e de grande relev\u00e2ncia para o munic\u00edpio de Caruaru: a cria\u00e7\u00e3o da Carteira de Identidade Funcional para todos os docentes das redes p\u00fablica municipal e privada de ensino, contemplando professores de todos os n\u00edveis educacionais. Esta iniciativa visa n\u00e3o apenas valorizar o trabalho do professor, mas tamb\u00e9m proporcionar benef\u00edcios e garantir uma identifica\u00e7\u00e3o que assegure os direitos e facilidades que essa importante categoria merece.<\/p>\n<p>A proposta busca estabelecer um documento oficial que identifique os professores do munic\u00edpio, permitindo-lhes comprovar formalmente sua atua\u00e7\u00e3o no setor educacional. Com isso, al\u00e9m de refor\u00e7ar o reconhecimento social e profissional dos educadores, o projeto objetiva que essa carteira funcione como uma forma de facilitar o acesso a benef\u00edcios e condi\u00e7\u00f5es especiais em estabelecimentos, servi\u00e7os e eventos, tanto de \u00e2mbito p\u00fablico quanto privado.<\/p>\n<p>Para o vereador Jorge Quintino, que \u00e9 reconhecido por sua trajet\u00f3ria no campo educacional e por sua atua\u00e7\u00e3o na defesa dos direitos dos professores, a cria\u00e7\u00e3o da Carteira de Identidade Funcional representa mais que uma ferramenta de identifica\u00e7\u00e3o: \u201cEsse projeto \u00e9 um s\u00edmbolo de reconhecimento \u00e0queles que se dedicam \u00e0 forma\u00e7\u00e3o dos cidad\u00e3os caruaruenses. O professor, em seu papel fundamental de educar e transformar, merece ter um documento que valorize e destaque sua contribui\u00e7\u00e3o para a sociedade\u201d, ressalta Quintino.<\/p>\n<p>A iniciativa se alinha a outras propostas do vereador voltadas para a valoriza\u00e7\u00e3o da educa\u00e7\u00e3o e de seus profissionais, refor\u00e7ando o compromisso de Jorge Quintino com a causa educacional e com a melhoria das condi\u00e7\u00f5es de trabalho dos docentes em Caruaru. O vereador destaca que os professores, muitas vezes, enfrentam desafios di\u00e1rios em sala de aula, e \u00e9 fundamental que o poder p\u00fablico crie medidas de apoio e incentivo que os valorizem e os mantenham motivados a desempenhar sua fun\u00e7\u00e3o essencial.<br \/>\nSeja seguidor do Instagram do Blog @blogdoedvaldomagalhae<br \/>\nFoto: Vladimir Barreto <\/p>\n","protected":false},"excerpt":{"rendered":"<p>Em defesa dos direitos e do reconhecimento da categoria dos professores, o vereador e professor Jorge Quintino apresentou um projeto&hellip;<\/p>\n","protected":false},"author":1,"featured_media":114148,"comment_status":"closed","ping_status":"open","sticky":false,"template":"","format":"standard","meta":{"footnotes":""},"categories":[14122],"tags":[29440,27410,13146,28801,20,32073],"class_list":["post-114147","post","type-post","status-publish","format-standard","has-post-thumbnail","hentry","category-politica","tag-blog-com-mais-visualizacao","tag-blog-de-caruaru","tag-blog-edvaldo-magalhaes","tag-blog-mais-acessado","tag-politica","tag-vereador-jorge-quintino-propoe-carteira-de-identidade-funcional-para-professores-de-caruaru"],"_links":{"self":[{"href":"https:\/\/blogdoedvaldomagalhaes.com.br\/index.php\/wp-json\/wp\/v2\/posts\/114147","targetHints":{"allow":["GET"]}}],"collection":[{"href":"https:\/\/blogdoedvaldomagalhaes.com.br\/index.php\/wp-json\/wp\/v2\/posts"}],"about":[{"href":"https:\/\/blogdoedvaldomagalhaes.com.br\/index.php\/wp-json\/wp\/v2\/types\/post"}],"author":[{"embeddable":true,"href":"https:\/\/blogdoedvaldomagalhaes.com.br\/index.php\/wp-json\/wp\/v2\/users\/1"}],"replies":[{"embeddable":true,"href":"https:\/\/blogdoedvaldomagalhaes.com.br\/index.php\/wp-json\/wp\/v2\/comments?post=114147"}],"version-history":[{"count":1,"href":"https:\/\/blogdoedvaldomagalhaes.com.br\/index.php\/wp-json\/wp\/v2\/posts\/114147\/revisions"}],"predecessor-version":[{"id":114149,"href":"https:\/\/blogdoedvaldomagalhaes.com.br\/index.php\/wp-json\/wp\/v2\/posts\/114147\/revisions\/114149"}],"wp:featuredmedia":[{"embeddable":true,"href":"https:\/\/blogdoedvaldomagalhaes.com.br\/index.php\/wp-json\/wp\/v2\/media\/114148"}],"wp:attachment":[{"href":"https:\/\/blogdoedvaldomagalhaes.com.br\/index.php\/wp-json\/wp\/v2\/media?parent=114147"}],"wp:term":[{"taxonomy":"category","embeddable":true,"href":"https:\/\/blogdoedvaldomagalhaes.com.br\/index.php\/wp-json\/wp\/v2\/categories?post=114147"},{"taxonomy":"post_tag","embeddable":true,"href":"https:\/\/blogdoedvaldomagalhaes.com.br\/index.php\/wp-json\/wp\/v2\/tags?post=114147"}],"curies":[{"name":"wp","href":"https:\/\/api.w.org\/{rel}","templated":true}]}}