{"id":114144,"date":"2024-11-05T15:42:22","date_gmt":"2024-11-05T18:42:22","guid":{"rendered":"https:\/\/blogdoedvaldomagalhaes.com.br\/?p=114144"},"modified":"2024-11-05T15:42:22","modified_gmt":"2024-11-05T18:42:22","slug":"rodrigo-pinheiro-e-recebido-pela-governadora-raquel-lyra-para-alinhar-futuros-projetos-para-caruaru","status":"publish","type":"post","link":"https:\/\/blogdoedvaldomagalhaes.com.br\/index.php\/2024\/11\/05\/rodrigo-pinheiro-e-recebido-pela-governadora-raquel-lyra-para-alinhar-futuros-projetos-para-caruaru\/","title":{"rendered":"Rodrigo Pinheiro \u00e9 recebido pela governadora Raquel Lyra para alinhar futuros projetos para Caruaru"},"content":{"rendered":"<p>O prefeito reeleito de Caruaru, Rodrigo Pinheiro (PSDB), foi recebido pela governadora Raquel Lyra (PSDB), na noite dessa \u00faltima segunda-feira (4), no Pal\u00e1cio do Campo das Princesas. O encontro, que ocorreu em menos de um m\u00eas ap\u00f3s a vit\u00f3ria de Rodrigo nas urnas, simboliza o compromisso de ambos os gestores em alinhar estrat\u00e9gias de desenvolvimento para Caruaru e regi\u00e3o.<\/p>\n<p>Durante a reuni\u00e3o, foram discutidos temas essenciais, como a reforma administrativa para o novo mandato de Rodrigo Pinheiro e alinhamentos importantes que garantam maior efici\u00eancia na gest\u00e3o p\u00fablica. Tanto Rodrigo quanto Raquel destacaram a continuidade da parceria entre os poderes para impulsionar projetos que beneficiem diretamente a popula\u00e7\u00e3o caruaruense.<\/p>\n<p>\u201cO alinhamento entre os poderes municipal e estadual \u00e9 fundamental para garantir que Caruaru continue avan\u00e7ando. Juntos, vamos impulsionar projetos que transformem a vida da nossa popula\u00e7\u00e3o, trazendo mais desenvolvimento e qualidade de vida para todos\u201d, ressaltou Pinheiro ap\u00f3s o encontro.<br \/>\nSeja seguidor do Instagram do Blog @blogdoedvaldomagalhaes<br \/>\nFoto: Divulga\u00e7\u00e3o <\/p>\n","protected":false},"excerpt":{"rendered":"<p>O prefeito reeleito de Caruaru, Rodrigo Pinheiro (PSDB), foi recebido pela governadora Raquel Lyra (PSDB), na noite dessa \u00faltima segunda-feira&hellip;<\/p>\n","protected":false},"author":1,"featured_media":114145,"comment_status":"closed","ping_status":"open","sticky":false,"template":"","format":"standard","meta":{"footnotes":""},"categories":[14122],"tags":[28803,27410,2,28801,20,1229,32072],"class_list":["post-114144","post","type-post","status-publish","format-standard","has-post-thumbnail","hentry","category-politica","tag-blog-com-mais-visualizacoes","tag-blog-de-caruaru","tag-blog-do-edvaldo-magalhaes","tag-blog-mais-acessado","tag-politica","tag-raquel-lyra","tag-rodrigo-pinheiro-e-recebido-pela-governadora-raquel-lyra-para-alinhar-futuros-projetos-para-caruaru"],"_links":{"self":[{"href":"https:\/\/blogdoedvaldomagalhaes.com.br\/index.php\/wp-json\/wp\/v2\/posts\/114144","targetHints":{"allow":["GET"]}}],"collection":[{"href":"https:\/\/blogdoedvaldomagalhaes.com.br\/index.php\/wp-json\/wp\/v2\/posts"}],"about":[{"href":"https:\/\/blogdoedvaldomagalhaes.com.br\/index.php\/wp-json\/wp\/v2\/types\/post"}],"author":[{"embeddable":true,"href":"https:\/\/blogdoedvaldomagalhaes.com.br\/index.php\/wp-json\/wp\/v2\/users\/1"}],"replies":[{"embeddable":true,"href":"https:\/\/blogdoedvaldomagalhaes.com.br\/index.php\/wp-json\/wp\/v2\/comments?post=114144"}],"version-history":[{"count":1,"href":"https:\/\/blogdoedvaldomagalhaes.com.br\/index.php\/wp-json\/wp\/v2\/posts\/114144\/revisions"}],"predecessor-version":[{"id":114146,"href":"https:\/\/blogdoedvaldomagalhaes.com.br\/index.php\/wp-json\/wp\/v2\/posts\/114144\/revisions\/114146"}],"wp:featuredmedia":[{"embeddable":true,"href":"https:\/\/blogdoedvaldomagalhaes.com.br\/index.php\/wp-json\/wp\/v2\/media\/114145"}],"wp:attachment":[{"href":"https:\/\/blogdoedvaldomagalhaes.com.br\/index.php\/wp-json\/wp\/v2\/media?parent=114144"}],"wp:term":[{"taxonomy":"category","embeddable":true,"href":"https:\/\/blogdoedvaldomagalhaes.com.br\/index.php\/wp-json\/wp\/v2\/categories?post=114144"},{"taxonomy":"post_tag","embeddable":true,"href":"https:\/\/blogdoedvaldomagalhaes.com.br\/index.php\/wp-json\/wp\/v2\/tags?post=114144"}],"curies":[{"name":"wp","href":"https:\/\/api.w.org\/{rel}","templated":true}]}}