{"id":114141,"date":"2024-11-05T14:32:52","date_gmt":"2024-11-05T17:32:52","guid":{"rendered":"https:\/\/blogdoedvaldomagalhaes.com.br\/?p=114141"},"modified":"2024-11-05T14:32:52","modified_gmt":"2024-11-05T17:32:52","slug":"anderson-correia-garante-recurso-com-lula-da-fonte-para-implantar-o-samu-animal-em-caruaru","status":"publish","type":"post","link":"https:\/\/blogdoedvaldomagalhaes.com.br\/index.php\/2024\/11\/05\/anderson-correia-garante-recurso-com-lula-da-fonte-para-implantar-o-samu-animal-em-caruaru\/","title":{"rendered":"Anderson Correia garante recurso com Lula da Fonte para implantar o SAMU Animal em Caruaru"},"content":{"rendered":"<p>Mais uma pol\u00edtica p\u00fablica animalista est\u00e1 prevista para Caruaru por meio do vereador Anderson Correia (PP). Em reuni\u00e3o na sede do Partido Progressistas em Recife, o parlamentar mais votado da \u00faltima elei\u00e7\u00e3o municipal na Capital do Agreste articulou com o deputado federal Lula da Fonte o envio de recursos para adquirir uma ambul\u00e2ncia para o SAMU Animal no munic\u00edpio. Um servi\u00e7o pioneiro n\u00e3o s\u00f3 na cidade, mas em toda regi\u00e3o, sendo de fundamental import\u00e2ncia para um suporte eficaz aos animais resgatados que necessitam de assist\u00eancia m\u00e9dica de urg\u00eancia.<\/p>\n<p>\u201cO SAMU Animal \u00e9 uma proposta nossa para Caruaru desde a nossa primeira elei\u00e7\u00e3o em 2020. Sabemos da import\u00e2ncia deste equipamento para o trabalho di\u00e1rio de resgate de animais em vulnerabilidade, atropelados ou que precisam de um socorro urgente. Ser\u00e1 mais um marco no munic\u00edpio dentro do \u00e2mbito das pol\u00edticas p\u00fablicas animalistas, se tornando mais ainda refer\u00eancia para a regi\u00e3o. Minha gratid\u00e3o ao deputado Lula da Fonte, que sempre se mostrou compromissado com essa pauta t\u00e3o nobre, sendo um grande parceiro na nossa luta pelos direitos dos animais\u201d, destacou Anderson.<\/p>\n<p>Vale lembrar que essa ser\u00e1 a segunda ambul\u00e2ncia que Anderson conquista para Caruaru. Em setembro de 2023, Correia entregou no Complexo Municipal de Sa\u00fade Jacqueline Fernandes da Costa Silva, uma ambul\u00e2ncia para o SAMU Caruaru. A UTI m\u00f3vel foi adquirida por meio de uma emenda parlamentar da deputada federal Clarissa T\u00e9rcio (PP), atendendo a uma solicita\u00e7\u00e3o do parlamentar caruaruense, que tem a sa\u00fade p\u00fablica como uma de suas pautas. Foto: Divulga\u00e7\u00e3o<br \/>\nSeja seguidor do Instagram do Blog @blogdoedvaldomagalhaes<\/p>\n","protected":false},"excerpt":{"rendered":"<p>Mais uma pol\u00edtica p\u00fablica animalista est\u00e1 prevista para Caruaru por meio do vereador Anderson Correia (PP). Em reuni\u00e3o na sede&hellip;<\/p>\n","protected":false},"author":1,"featured_media":114142,"comment_status":"closed","ping_status":"open","sticky":false,"template":"","format":"standard","meta":{"footnotes":""},"categories":[14122],"tags":[32071,30253,29440,13146,28801,20],"class_list":["post-114141","post","type-post","status-publish","format-standard","has-post-thumbnail","hentry","category-politica","tag-anderson-correia-garante-recurso-com-lula-da-fonte-para-implantar-o-samu-animal-em-caruaru","tag-blog-caruaru","tag-blog-com-mais-visualizacao","tag-blog-edvaldo-magalhaes","tag-blog-mais-acessado","tag-politica"],"_links":{"self":[{"href":"https:\/\/blogdoedvaldomagalhaes.com.br\/index.php\/wp-json\/wp\/v2\/posts\/114141","targetHints":{"allow":["GET"]}}],"collection":[{"href":"https:\/\/blogdoedvaldomagalhaes.com.br\/index.php\/wp-json\/wp\/v2\/posts"}],"about":[{"href":"https:\/\/blogdoedvaldomagalhaes.com.br\/index.php\/wp-json\/wp\/v2\/types\/post"}],"author":[{"embeddable":true,"href":"https:\/\/blogdoedvaldomagalhaes.com.br\/index.php\/wp-json\/wp\/v2\/users\/1"}],"replies":[{"embeddable":true,"href":"https:\/\/blogdoedvaldomagalhaes.com.br\/index.php\/wp-json\/wp\/v2\/comments?post=114141"}],"version-history":[{"count":1,"href":"https:\/\/blogdoedvaldomagalhaes.com.br\/index.php\/wp-json\/wp\/v2\/posts\/114141\/revisions"}],"predecessor-version":[{"id":114143,"href":"https:\/\/blogdoedvaldomagalhaes.com.br\/index.php\/wp-json\/wp\/v2\/posts\/114141\/revisions\/114143"}],"wp:featuredmedia":[{"embeddable":true,"href":"https:\/\/blogdoedvaldomagalhaes.com.br\/index.php\/wp-json\/wp\/v2\/media\/114142"}],"wp:attachment":[{"href":"https:\/\/blogdoedvaldomagalhaes.com.br\/index.php\/wp-json\/wp\/v2\/media?parent=114141"}],"wp:term":[{"taxonomy":"category","embeddable":true,"href":"https:\/\/blogdoedvaldomagalhaes.com.br\/index.php\/wp-json\/wp\/v2\/categories?post=114141"},{"taxonomy":"post_tag","embeddable":true,"href":"https:\/\/blogdoedvaldomagalhaes.com.br\/index.php\/wp-json\/wp\/v2\/tags?post=114141"}],"curies":[{"name":"wp","href":"https:\/\/api.w.org\/{rel}","templated":true}]}}