{"id":114130,"date":"2024-11-05T12:23:37","date_gmt":"2024-11-05T15:23:37","guid":{"rendered":"https:\/\/blogdoedvaldomagalhaes.com.br\/?p=114130"},"modified":"2024-11-05T12:23:37","modified_gmt":"2024-11-05T15:23:37","slug":"curso-online-gratuito-ensina-a-criar-projetos-culturais-e-captar-recursos","status":"publish","type":"post","link":"https:\/\/blogdoedvaldomagalhaes.com.br\/index.php\/2024\/11\/05\/curso-online-gratuito-ensina-a-criar-projetos-culturais-e-captar-recursos\/","title":{"rendered":"Curso online gratuito ensina a criar projetos culturais e captar recursos"},"content":{"rendered":"<p>_Empreender na Cultura: O Jogo tem estrat\u00e9gias de sucesso para quem quer viver de cultura_<\/p>\n<p>A habilidade de criar projetos culturais consistentes e com potencial de levantar recursos para virar realidade \u00e9 uma car\u00eancia comum na seara art\u00edstica e com reflexo expressivo no desperd\u00edcio de boas ideias. Mas aprender a elaborar as propostas para viabilizar o trabalho e viver da arte \u00e9 uma possibilidade concreta atrav\u00e9s do aprendizado das t\u00e9cnicas e da din\u00e2mica do mercado. O ensino desse caminho \u00e9 o foco das atividades online e inteiramente gratuitas do Empreender na Cultura: O Jogo, uma capacita\u00e7\u00e3o para pessoas da Zona da Mata, do Agreste e Sert\u00e3o pernambucano interessadas em empreender profissionalmente na \u00e1rea. As aulas s\u00e3o de 11 a 14 de novembro e as inscri\u00e7\u00f5es est\u00e3o abertas pelo Instagram da Liga Criativa (@ligacriativa).<\/p>\n<p>O treinamento ocorre em quatro encontros e aborda todo o ecossistema de financiamento dos projetos culturais, as fontes formais de capta\u00e7\u00e3o de receita, a elabora\u00e7\u00e3o do planejamento em sintonia com as determina\u00e7\u00f5es, regras e especificidades previstas em editais de entes p\u00fablicos ou institui\u00e7\u00f5es privadas. A metodologia se dedica a ensinar o passo a passo para garantir o aporte de recursos fundamentais \u00e0 viabiliza\u00e7\u00e3o das propostas de empreendimento cultural &#8211; da receita \u00e0 execu\u00e7\u00e3o do or\u00e7amento.<\/p>\n<p>As aulas s\u00e3o realizadas atrav\u00e9s da plataforma Zoom, com suporte pelo aplicativo WhatsApp para tirar d\u00favidas e acessar orienta\u00e7\u00f5es a respeito do curso. A inten\u00e7\u00e3o \u00e9 selecionar dois grupos &#8211; com 20 vagas cada &#8211; para incorporar \u00e0s turmas das atividades presenciais realizadas anteriormente. As regi\u00f5es da Mata e do Agreste s\u00e3o contempladas \u00e0 tarde (das 14h \u00e0s 16h30) e do Sert\u00e3o, \u00e0 noite (das 19h \u00e0s 21h30), com carga hor\u00e1ria total de dez horas. S\u00e3o preferencialmente para artistas, agentes, t\u00e9cnicos e produtores culturais, pessoas negras, pardas, em situa\u00e7\u00e3o de vulnerabilidade socioecon\u00f4mica, com defici\u00eancia auditiva, motora, mobilidade reduzida ou baixa vis\u00e3o e t\u00eam recurso de int\u00e9rprete de Libras para permitir o acesso a pessoas surdas. <\/p>\n<p>\u201cO maior desejo dos artistas \u00e9 conseguir viver de sua arte e o maior desafio que eu encontrei em realizar essa forma\u00e7\u00e3o \u00e9 tamb\u00e9m o seu principal diferencial. Desburocratizar e facilitar o entendimento de assuntos mercadol\u00f3gicos e trazer isso para o universo art\u00edstico tem resultado em retornos palp\u00e1veis sobre a forma\u00e7\u00e3o. Temos artistas se formalizando de maneira correta, fazendo o registro de suas marcas, conseguindo captar recursos para os seus sonhos culturais e conseguindo planejar melhor suas vidas e suas carreiras.\u201d, diz Eliz Galv\u00e3o, produtora, consultora e empreendedora social \u00e0 frente da iniciativa, com mais de 15 anos de experi\u00eancia nacional na \u00e1rea, com mais de 5 mil pessoas atendidas em todo o Brasil, 80 turmas formadas e lideran\u00e7a ou participa\u00e7\u00e3o em cerca de 120 planejamentos culturais. A capacita\u00e7\u00e3o faz parte do projeto Empreender na Cultura \u00e9 um Neg\u00f3cio Vi\u00e1vel, da Liga Criativa, empresa com ampla expertise no treinamento de profissionais para tocar iniciativas no mercado art\u00edstico. <\/p>\n<p>O curso ocorre desde 2022 e j\u00e1 passou por v\u00e1rias cidades do estado. As inscri\u00e7\u00f5es podem ser feitas pelo Instagram da Liga Criativa (@ligacriativa). O curso Empreender na Cultura: O Jogo \u00e9 incentivado pelo Funcultura, do Governo de Pernambuco.<br \/>\nSeja seguidor do Instagram do Blog @blogdoedvaldomagalhaes<br \/>\nFoto: Andr\u00e9 Sidarta<\/p>\n","protected":false},"excerpt":{"rendered":"<p>_Empreender na Cultura: O Jogo tem estrat\u00e9gias de sucesso para quem quer viver de cultura_ A habilidade de criar projetos&hellip;<\/p>\n","protected":false},"author":1,"featured_media":114131,"comment_status":"closed","ping_status":"open","sticky":false,"template":"","format":"standard","meta":{"footnotes":""},"categories":[14120],"tags":[30592,27410,2,28801,32068],"class_list":["post-114130","post","type-post","status-publish","format-standard","has-post-thumbnail","hentry","category-noticias","tag-blog-com-mais-seguidores","tag-blog-de-caruaru","tag-blog-do-edvaldo-magalhaes","tag-blog-mais-acessado","tag-curso-online-gratuito-ensina-a-criar-projetos-culturais-e-captar-recursos"],"_links":{"self":[{"href":"https:\/\/blogdoedvaldomagalhaes.com.br\/index.php\/wp-json\/wp\/v2\/posts\/114130","targetHints":{"allow":["GET"]}}],"collection":[{"href":"https:\/\/blogdoedvaldomagalhaes.com.br\/index.php\/wp-json\/wp\/v2\/posts"}],"about":[{"href":"https:\/\/blogdoedvaldomagalhaes.com.br\/index.php\/wp-json\/wp\/v2\/types\/post"}],"author":[{"embeddable":true,"href":"https:\/\/blogdoedvaldomagalhaes.com.br\/index.php\/wp-json\/wp\/v2\/users\/1"}],"replies":[{"embeddable":true,"href":"https:\/\/blogdoedvaldomagalhaes.com.br\/index.php\/wp-json\/wp\/v2\/comments?post=114130"}],"version-history":[{"count":1,"href":"https:\/\/blogdoedvaldomagalhaes.com.br\/index.php\/wp-json\/wp\/v2\/posts\/114130\/revisions"}],"predecessor-version":[{"id":114132,"href":"https:\/\/blogdoedvaldomagalhaes.com.br\/index.php\/wp-json\/wp\/v2\/posts\/114130\/revisions\/114132"}],"wp:featuredmedia":[{"embeddable":true,"href":"https:\/\/blogdoedvaldomagalhaes.com.br\/index.php\/wp-json\/wp\/v2\/media\/114131"}],"wp:attachment":[{"href":"https:\/\/blogdoedvaldomagalhaes.com.br\/index.php\/wp-json\/wp\/v2\/media?parent=114130"}],"wp:term":[{"taxonomy":"category","embeddable":true,"href":"https:\/\/blogdoedvaldomagalhaes.com.br\/index.php\/wp-json\/wp\/v2\/categories?post=114130"},{"taxonomy":"post_tag","embeddable":true,"href":"https:\/\/blogdoedvaldomagalhaes.com.br\/index.php\/wp-json\/wp\/v2\/tags?post=114130"}],"curies":[{"name":"wp","href":"https:\/\/api.w.org\/{rel}","templated":true}]}}