{"id":114127,"date":"2024-11-05T12:12:02","date_gmt":"2024-11-05T15:12:02","guid":{"rendered":"https:\/\/blogdoedvaldomagalhaes.com.br\/?p=114127"},"modified":"2024-11-05T12:12:02","modified_gmt":"2024-11-05T15:12:02","slug":"sistema-prisional-de-pe-implanta-comissao-tecnica-de-classificacao-de-presos-para-avaliacao-e-atende-lo-em-suas-necessidades","status":"publish","type":"post","link":"https:\/\/blogdoedvaldomagalhaes.com.br\/index.php\/2024\/11\/05\/sistema-prisional-de-pe-implanta-comissao-tecnica-de-classificacao-de-presos-para-avaliacao-e-atende-lo-em-suas-necessidades\/","title":{"rendered":"Sistema Prisional de PE implanta Comiss\u00e3o T\u00e9cnica de Classifica\u00e7\u00e3o de Presos, para avalia\u00e7\u00e3o e atend\u00ea-lo em suas necessidades"},"content":{"rendered":"<p>A Secretaria de Administra\u00e7\u00e3o Penitenci\u00e1ria e Ressocializa\u00e7\u00e3o de Pernambuco (SEAP\/PE), em parceria com a Secretaria Nacional de Pol\u00edticas Penais (Senappen) e o Escrit\u00f3rio das Na\u00e7\u00f5es Unidas sobre Drogas e Crimes (UNODC), promoveu, nesta segunda-feira (4\/11), a abertura da A\u00e7\u00e3o de Cidadania: Individualiza\u00e7\u00e3o da Pena, na Secretaria de Planejamento e Gest\u00e3o (Seplag). O evento marcou a implanta\u00e7\u00e3o da Comiss\u00e3o T\u00e9cnica de Classifica\u00e7\u00e3o de Presos em Pernambuco, cujo objetivo \u00e9 garantir que os detentos sejam avaliados e classificados de forma justa e adequada \u00e0s suas necessidades. Pernambuco \u00e9 o 5\u00b0 Estado a implantar a classificac\u00e3o. <\/p>\n<p>A comiss\u00e3o \u00e9 composta por uma equipe multidisciplinar com profissionais da Senappen e da SEAP, incluindo assistentes sociais, psic\u00f3logos e enfermeiros. A CTC \u00e9 respons\u00e1vel por avaliar os presos e determinar sua classifica\u00e7\u00e3o, considerando fatores como grau de periculosidade, n\u00edvel de risco de fuga, necessidades de seguran\u00e7a, estado de sa\u00fade mental e f\u00edsica, e comportamento e hist\u00f3rico de conduta. <\/p>\n<p>O primeiro treinamento ocorrer\u00e1, nesta ter\u00e7a-feira (05.11), no Pres\u00eddio de Igarassu (PIG), na Regi\u00e3o Metropolitana, onde tamb\u00e9m j\u00e1 ter\u00e1 in\u00edcio a classifica\u00e7\u00e3o dos presos da unidade.<\/p>\n<p>Para o secret\u00e1rio da SEAP, Paulo Paes, \u00e9 um momento hist\u00f3rico para a Secretaria. \u201cCome\u00e7amos essa constru\u00e7\u00e3o h\u00e1 cerca de 30 dias e j\u00e1 estamos iniciando a classifica\u00e7\u00e3o de pessoas presas. \u00c9 o in\u00edcio de uma grande mudan\u00e7a que vamos ter no sistema prisional de Pernambuco\u201d, afirmou Paes.  <\/p>\n<p>Al\u00eam do secret\u00e1rio Paulo Paes, estiveram presentes no evento de abertura, o secret\u00e1rio-executivo de Gest\u00e3o para Resultados da Seplag, Edilberto Xavier; as chefes de Gabinete Renata Borba (SEAP) e Giovana Paiva (Senappen); a coordenadora de Projeto do UNODC, Ana Carolina Pekny; os promotores de Justi\u00e7a, Fernando Falc\u00e3o e Rinaldo Jorge; a defensora p\u00fablica, Michelline Lobato; o coordenador-executivo da Equipe de Monitoramento e Acompanhamento (EMA\/Senapem), Carlos Diego; e a gerente de Assist\u00eancia \u00e0 Sa\u00fade Prisional da Secretaria Estadual de Educa\u00e7\u00e3o (SEE), Suelen Cruz. Gerentes, superintendentes e coordenadores da SEAP tamb\u00e9m participaram.<br \/>\nSeja seguidor do Instagram do Blog @blogdoedvaldomagalhaes<br \/>\nFoto: Franci Almeida\/SEAP<\/p>\n","protected":false},"excerpt":{"rendered":"<p>A Secretaria de Administra\u00e7\u00e3o Penitenci\u00e1ria e Ressocializa\u00e7\u00e3o de Pernambuco (SEAP\/PE), em parceria com a Secretaria Nacional de Pol\u00edticas Penais (Senappen)&hellip;<\/p>\n","protected":false},"author":1,"featured_media":114128,"comment_status":"closed","ping_status":"open","sticky":false,"template":"","format":"standard","meta":{"footnotes":""},"categories":[14120],"tags":[30253,29440,13146,28801,32067],"class_list":["post-114127","post","type-post","status-publish","format-standard","has-post-thumbnail","hentry","category-noticias","tag-blog-caruaru","tag-blog-com-mais-visualizacao","tag-blog-edvaldo-magalhaes","tag-blog-mais-acessado","tag-sistema-prisional-de-pe-implanta-comissao-tecnica-de-classificacao-de-presos-para-avaliacao-e-atende-lo-em-suas-necessidades"],"_links":{"self":[{"href":"https:\/\/blogdoedvaldomagalhaes.com.br\/index.php\/wp-json\/wp\/v2\/posts\/114127","targetHints":{"allow":["GET"]}}],"collection":[{"href":"https:\/\/blogdoedvaldomagalhaes.com.br\/index.php\/wp-json\/wp\/v2\/posts"}],"about":[{"href":"https:\/\/blogdoedvaldomagalhaes.com.br\/index.php\/wp-json\/wp\/v2\/types\/post"}],"author":[{"embeddable":true,"href":"https:\/\/blogdoedvaldomagalhaes.com.br\/index.php\/wp-json\/wp\/v2\/users\/1"}],"replies":[{"embeddable":true,"href":"https:\/\/blogdoedvaldomagalhaes.com.br\/index.php\/wp-json\/wp\/v2\/comments?post=114127"}],"version-history":[{"count":1,"href":"https:\/\/blogdoedvaldomagalhaes.com.br\/index.php\/wp-json\/wp\/v2\/posts\/114127\/revisions"}],"predecessor-version":[{"id":114129,"href":"https:\/\/blogdoedvaldomagalhaes.com.br\/index.php\/wp-json\/wp\/v2\/posts\/114127\/revisions\/114129"}],"wp:featuredmedia":[{"embeddable":true,"href":"https:\/\/blogdoedvaldomagalhaes.com.br\/index.php\/wp-json\/wp\/v2\/media\/114128"}],"wp:attachment":[{"href":"https:\/\/blogdoedvaldomagalhaes.com.br\/index.php\/wp-json\/wp\/v2\/media?parent=114127"}],"wp:term":[{"taxonomy":"category","embeddable":true,"href":"https:\/\/blogdoedvaldomagalhaes.com.br\/index.php\/wp-json\/wp\/v2\/categories?post=114127"},{"taxonomy":"post_tag","embeddable":true,"href":"https:\/\/blogdoedvaldomagalhaes.com.br\/index.php\/wp-json\/wp\/v2\/tags?post=114127"}],"curies":[{"name":"wp","href":"https:\/\/api.w.org\/{rel}","templated":true}]}}