{"id":114124,"date":"2024-11-05T11:05:47","date_gmt":"2024-11-05T14:05:47","guid":{"rendered":"https:\/\/blogdoedvaldomagalhaes.com.br\/?p=114124"},"modified":"2024-11-05T11:05:47","modified_gmt":"2024-11-05T14:05:47","slug":"acusado-de-importunacao-sexual-contra-mulher-e-detido-em-onibus","status":"publish","type":"post","link":"https:\/\/blogdoedvaldomagalhaes.com.br\/index.php\/2024\/11\/05\/acusado-de-importunacao-sexual-contra-mulher-e-detido-em-onibus\/","title":{"rendered":"Acusado de importuna\u00e7\u00e3o sexual contra mulher \u00e9 detido em \u00f4nibus"},"content":{"rendered":"<p>A Pol\u00edcia Rodovi\u00e1ria Federal (PRF) deteve, na madrugada desta ter\u00e7a-feira (05.11), um homem suspeito de cometer importuna\u00e7\u00e3o sexual contra uma mulher, durante uma viagem de \u00f4nibus. O caso ocorreu na BR-101, no munic\u00edpio de Igarassu, na Regi\u00e3o Metropolitana do Recife.<\/p>\n<p>Por volta das duas horas da manh\u00e3, o motorista de um \u00f4nibus parou no posto da PRF para informar que teria ocorrido um crime de importuna\u00e7\u00e3o sexual durante o trajeto entre Macei\u00f3 e Recife. A v\u00edtima relatou que o suspeito sentou-se ao seu lado e ap\u00f3s ela cochilar, ele passou a m\u00e3o em sua coxa e desceu at\u00e9 a virilha cerca de tr\u00eas vezes. A mulher aguardou a parada do ve\u00edculo no Terminal Rodovi\u00e1rio do Recife (TIP) e informou ao motorista, que orientou seguir viagem e parar no primeiro posto da PRF.<\/p>\n<p>Uma senhora, testemunha do ocorrido, afirmou que viu o autor sair do seu assento e sentar ao lado da v\u00edtima, e que em determinado momento da viagem, a mesma se levantou \u201catordoada\u201d e chorando, indo para outro assento.<\/p>\n<p>A v\u00edtima, o suspeito, o motorista e outros passageiros foram encaminhados \u00e0 Delegacia de Pol\u00edcia Civil de Paulista, onde o caso ser\u00e1 investigado.<br \/>\nSeja seguidor do Instagram do Blog @blogdoedvaldomagalhaes<br \/>\nFoto: Divulga\u00e7\u00e3o\/PRF<\/p>\n","protected":false},"excerpt":{"rendered":"<p>A Pol\u00edcia Rodovi\u00e1ria Federal (PRF) deteve, na madrugada desta ter\u00e7a-feira (05.11), um homem suspeito de cometer importuna\u00e7\u00e3o sexual contra uma&hellip;<\/p>\n","protected":false},"author":1,"featured_media":114125,"comment_status":"closed","ping_status":"open","sticky":false,"template":"","format":"standard","meta":{"footnotes":""},"categories":[14121],"tags":[32066,28803,27410,2,28801],"class_list":["post-114124","post","type-post","status-publish","format-standard","has-post-thumbnail","hentry","category-policial","tag-acusado-de-crime-de-importunacao-sexual-contra-mulher-e-detido-em-onibus","tag-blog-com-mais-visualizacoes","tag-blog-de-caruaru","tag-blog-do-edvaldo-magalhaes","tag-blog-mais-acessado"],"_links":{"self":[{"href":"https:\/\/blogdoedvaldomagalhaes.com.br\/index.php\/wp-json\/wp\/v2\/posts\/114124","targetHints":{"allow":["GET"]}}],"collection":[{"href":"https:\/\/blogdoedvaldomagalhaes.com.br\/index.php\/wp-json\/wp\/v2\/posts"}],"about":[{"href":"https:\/\/blogdoedvaldomagalhaes.com.br\/index.php\/wp-json\/wp\/v2\/types\/post"}],"author":[{"embeddable":true,"href":"https:\/\/blogdoedvaldomagalhaes.com.br\/index.php\/wp-json\/wp\/v2\/users\/1"}],"replies":[{"embeddable":true,"href":"https:\/\/blogdoedvaldomagalhaes.com.br\/index.php\/wp-json\/wp\/v2\/comments?post=114124"}],"version-history":[{"count":1,"href":"https:\/\/blogdoedvaldomagalhaes.com.br\/index.php\/wp-json\/wp\/v2\/posts\/114124\/revisions"}],"predecessor-version":[{"id":114126,"href":"https:\/\/blogdoedvaldomagalhaes.com.br\/index.php\/wp-json\/wp\/v2\/posts\/114124\/revisions\/114126"}],"wp:featuredmedia":[{"embeddable":true,"href":"https:\/\/blogdoedvaldomagalhaes.com.br\/index.php\/wp-json\/wp\/v2\/media\/114125"}],"wp:attachment":[{"href":"https:\/\/blogdoedvaldomagalhaes.com.br\/index.php\/wp-json\/wp\/v2\/media?parent=114124"}],"wp:term":[{"taxonomy":"category","embeddable":true,"href":"https:\/\/blogdoedvaldomagalhaes.com.br\/index.php\/wp-json\/wp\/v2\/categories?post=114124"},{"taxonomy":"post_tag","embeddable":true,"href":"https:\/\/blogdoedvaldomagalhaes.com.br\/index.php\/wp-json\/wp\/v2\/tags?post=114124"}],"curies":[{"name":"wp","href":"https:\/\/api.w.org\/{rel}","templated":true}]}}