{"id":114107,"date":"2024-11-04T14:42:02","date_gmt":"2024-11-04T17:42:02","guid":{"rendered":"https:\/\/blogdoedvaldomagalhaes.com.br\/?p=114107"},"modified":"2024-11-04T14:42:02","modified_gmt":"2024-11-04T17:42:02","slug":"morre-cantor-agnaldo-rayol-apos-queda-no-banheiro","status":"publish","type":"post","link":"https:\/\/blogdoedvaldomagalhaes.com.br\/index.php\/2024\/11\/04\/morre-cantor-agnaldo-rayol-apos-queda-no-banheiro\/","title":{"rendered":"Morre cantor Agnaldo Rayol, ap\u00f3s queda no banheiro"},"content":{"rendered":"<p>O cantor Agnaldo Rayol morreu, aos 86 anos, na madrugada desta segunda-feira (4). Ele faleceu ap\u00f3s sofrer uma queda em sua casa em Santana, na zona norte de S\u00e3o Paulo.<\/p>\n<p>O artista estava acompanhado de um cuidador da fam\u00edlia. Ele estava l\u00facido quando o Servi\u00e7o de Atendimento M\u00f3vel de Urg\u00eancia (SAMU) foi acionado.<\/p>\n<p>Agnaldo foi encaminhado para o Hospital HSANP, os m\u00e9dicos\u00a0tentaram conter um corte localizado na regi\u00e3o de sua cabe\u00e7a. Ele, por\u00e9m, n\u00e3o resistiu e veio a \u00f3bito.<\/p>\n<p>Nascido no Rio de Janeiro em maio de 1938, Agnaldo Coniglio Rayol tinha mais de 70 anos de carreira e construiu a vida art\u00edstica como cantor l\u00edrico de repert\u00f3rio rom\u00e2ntico e popular. Foto: Divulga\u00e7\u00e3o\/Assessoria de imprensa<br \/>\nSeja seguidor do Instagram do Blog e comente pelo @blogdoedvaldomagalhaes<\/p>\n","protected":false},"excerpt":{"rendered":"<p>O cantor Agnaldo Rayol morreu, aos 86 anos, na madrugada desta segunda-feira (4). Ele faleceu ap\u00f3s sofrer uma queda em&hellip;<\/p>\n","protected":false},"author":1,"featured_media":114108,"comment_status":"closed","ping_status":"open","sticky":false,"template":"","format":"standard","meta":{"footnotes":""},"categories":[14120],"tags":[30592,27410,2,28801],"class_list":["post-114107","post","type-post","status-publish","format-standard","has-post-thumbnail","hentry","category-noticias","tag-blog-com-mais-seguidores","tag-blog-de-caruaru","tag-blog-do-edvaldo-magalhaes","tag-blog-mais-acessado"],"_links":{"self":[{"href":"https:\/\/blogdoedvaldomagalhaes.com.br\/index.php\/wp-json\/wp\/v2\/posts\/114107","targetHints":{"allow":["GET"]}}],"collection":[{"href":"https:\/\/blogdoedvaldomagalhaes.com.br\/index.php\/wp-json\/wp\/v2\/posts"}],"about":[{"href":"https:\/\/blogdoedvaldomagalhaes.com.br\/index.php\/wp-json\/wp\/v2\/types\/post"}],"author":[{"embeddable":true,"href":"https:\/\/blogdoedvaldomagalhaes.com.br\/index.php\/wp-json\/wp\/v2\/users\/1"}],"replies":[{"embeddable":true,"href":"https:\/\/blogdoedvaldomagalhaes.com.br\/index.php\/wp-json\/wp\/v2\/comments?post=114107"}],"version-history":[{"count":1,"href":"https:\/\/blogdoedvaldomagalhaes.com.br\/index.php\/wp-json\/wp\/v2\/posts\/114107\/revisions"}],"predecessor-version":[{"id":114109,"href":"https:\/\/blogdoedvaldomagalhaes.com.br\/index.php\/wp-json\/wp\/v2\/posts\/114107\/revisions\/114109"}],"wp:featuredmedia":[{"embeddable":true,"href":"https:\/\/blogdoedvaldomagalhaes.com.br\/index.php\/wp-json\/wp\/v2\/media\/114108"}],"wp:attachment":[{"href":"https:\/\/blogdoedvaldomagalhaes.com.br\/index.php\/wp-json\/wp\/v2\/media?parent=114107"}],"wp:term":[{"taxonomy":"category","embeddable":true,"href":"https:\/\/blogdoedvaldomagalhaes.com.br\/index.php\/wp-json\/wp\/v2\/categories?post=114107"},{"taxonomy":"post_tag","embeddable":true,"href":"https:\/\/blogdoedvaldomagalhaes.com.br\/index.php\/wp-json\/wp\/v2\/tags?post=114107"}],"curies":[{"name":"wp","href":"https:\/\/api.w.org\/{rel}","templated":true}]}}