{"id":114104,"date":"2024-11-04T13:59:29","date_gmt":"2024-11-04T16:59:29","guid":{"rendered":"https:\/\/blogdoedvaldomagalhaes.com.br\/?p=114104"},"modified":"2024-11-04T13:59:29","modified_gmt":"2024-11-04T16:59:29","slug":"caruaru-passa-a-seguir-novo-esquema-vacinal-contra-a-poliomielite","status":"publish","type":"post","link":"https:\/\/blogdoedvaldomagalhaes.com.br\/index.php\/2024\/11\/04\/caruaru-passa-a-seguir-novo-esquema-vacinal-contra-a-poliomielite\/","title":{"rendered":"Caruaru passa a seguir novo esquema vacinal contra a poliomielite"},"content":{"rendered":"<p style=\"font-weight: 400;\">\n<p style=\"font-weight: 400;\"><span data-removefontsize=\"true\" data-originalcomputedfontsize=\"16\">A Secretaria de Sa\u00fade de Caruaru (SMS) informa que, a partir desta segunda-feira (04), passa a seguir o novo esquema de refor\u00e7o da vacina contra a poliomielite, que previne a paralisia infantil. A altera\u00e7\u00e3o \u00e9 do Minist\u00e9rio da Sa\u00fade, para todo o Brasil. Sendo assim, as duas doses de refor\u00e7o da vacina oral poliomielite bivalente (VOPb), conhecida como gotinha, para crian\u00e7as de um ano e tr\u00eas meses e 4 anos de idade, vai ser substitu\u00edda por uma dose \u00fanica da vacina inativada poliomielite (VIP), que \u00e9 a injet\u00e1vel. <\/span><\/p>\n<p style=\"font-weight: 400;\">\n<p style=\"font-weight: 400;\"><span data-removefontsize=\"true\" data-originalcomputedfontsize=\"16\">Vale ressaltar que a mudan\u00e7a afeta apenas a dose de refor\u00e7o, seguindo o mesmo esquema vacinal, sendo a 1\u00aa dose aos 2 meses, a 2\u00aa dose aos 4 meses e a 3\u00aa dose aos 6 meses. Todas elas j\u00e1 eram doses aplic\u00e1veis. Com a mudan\u00e7a, a dose de refor\u00e7o ser\u00e1 somente aos 15 meses e tamb\u00e9m passa a ser injet\u00e1vel.<\/span><\/p>\n<p style=\"font-weight: 400;\">\n<p style=\"font-weight: 400;\"><span data-removefontsize=\"true\" data-originalcomputedfontsize=\"16\">Ainda de acordo com a secretaria, a orienta\u00e7\u00e3o do Minist\u00e9rio da Sa\u00fade segue crit\u00e9rios epidemiol\u00f3gicos, evid\u00eancias cient\u00edficas sobre a vacina\u00e7\u00e3o e recomenda\u00e7\u00f5es internacionais.<\/span><\/p>\n<p style=\"font-weight: 400;\">\n<p style=\"font-weight: 400;\"><span data-removefontsize=\"true\" data-originalcomputedfontsize=\"16\">Em Caruaru, o novo esquema de refor\u00e7o da vacina contra a poliomielite, j\u00e1 est\u00e1 sendo realizado nas 67 salas de vacina do munic\u00edpio. \u201cEstamos com nosso estoque regular e recebendo os pais para seguir com o novo esquema vacinal. Na d\u00favida, eles podem nos procurar munidos da caderneta de vacina\u00e7\u00e3o para que a gente possa fazer a avalia\u00e7\u00e3o e identificar se a crian\u00e7a necessita realmente fazer ou n\u00e3o o refor\u00e7o\u201d, destacou a enfermeira do PNI em Caruaru, Monnyque Marques. <\/span><\/p>\n<p style=\"font-weight: 400;\">\n<p style=\"font-weight: 400;\"><span data-removefontsize=\"true\" data-originalcomputedfontsize=\"16\">Para vacinar os pequenos, \u00e9 preciso levar o CPF ou Cart\u00e3o do SUS e a Caderneta de Vacina\u00e7\u00e3o. As doses est\u00e3o dispon\u00edveis de segunda a sexta-feira nas Unidades B\u00e1sicas de Sa\u00fade (UBS\u2019s) da Zona Urbana, das 8h \u00e0s 16h, e na Zona Rural, das 8h \u00e0s 15h, de acordo com o cronograma de cada unidade. <\/span><\/p>\n<p style=\"font-weight: 400;\">\n<p style=\"font-weight: 400;\"><strong data-removefontsize=\"true\" data-originalcomputedfontsize=\"16\">Sobre a poliomielite<\/strong><\/p>\n<p style=\"font-weight: 400;\">\n<p style=\"font-weight: 400;\"><span data-removefontsize=\"true\" data-originalcomputedfontsize=\"16\">A p\u00f3lio \u00e9 uma doen\u00e7a considerada grave e caracteriza-se pela paralisia que, em geral, acomete os membros inferiores, de forma assim\u00e9trica e irrevers\u00edvel. O \u00faltimo caso no Brasil ocorreu em 1989, sendo que em 1994 houve certifica\u00e7\u00e3o de \u00e1rea livre de circula\u00e7\u00e3o do poliov\u00edrus selvagem.<\/span><\/p>\n<p style=\"font-weight: 400;\">\n<p style=\"font-weight: 400;\"><span data-removefontsize=\"true\" data-originalcomputedfontsize=\"16\">Contudo, em 2023 o pa\u00eds foi classificado como de alto risco para a reintrodu\u00e7\u00e3o do poliov\u00edrus pela Comiss\u00e3o Regional para a Certifica\u00e7\u00e3o da Erradica\u00e7\u00e3o da Poliomielite na Regi\u00e3o das Am\u00e9ricas. Isso, portanto, inclui principalmente as cidades mais populosas. Foto: Divulga\u00e7\u00e3o\/Secom.<br \/>\nSeja seguidor do Instagram do Blog @blogdoedvaldomagalhaes<\/span><\/p>\n","protected":false},"excerpt":{"rendered":"<p>A Secretaria de Sa\u00fade de Caruaru (SMS) informa que, a partir desta segunda-feira (04), passa a seguir o novo esquema&hellip;<\/p>\n","protected":false},"author":1,"featured_media":114105,"comment_status":"closed","ping_status":"open","sticky":false,"template":"","format":"standard","meta":{"footnotes":""},"categories":[14120],"tags":[30592,27410,2,28801],"class_list":["post-114104","post","type-post","status-publish","format-standard","has-post-thumbnail","hentry","category-noticias","tag-blog-com-mais-seguidores","tag-blog-de-caruaru","tag-blog-do-edvaldo-magalhaes","tag-blog-mais-acessado"],"_links":{"self":[{"href":"https:\/\/blogdoedvaldomagalhaes.com.br\/index.php\/wp-json\/wp\/v2\/posts\/114104","targetHints":{"allow":["GET"]}}],"collection":[{"href":"https:\/\/blogdoedvaldomagalhaes.com.br\/index.php\/wp-json\/wp\/v2\/posts"}],"about":[{"href":"https:\/\/blogdoedvaldomagalhaes.com.br\/index.php\/wp-json\/wp\/v2\/types\/post"}],"author":[{"embeddable":true,"href":"https:\/\/blogdoedvaldomagalhaes.com.br\/index.php\/wp-json\/wp\/v2\/users\/1"}],"replies":[{"embeddable":true,"href":"https:\/\/blogdoedvaldomagalhaes.com.br\/index.php\/wp-json\/wp\/v2\/comments?post=114104"}],"version-history":[{"count":1,"href":"https:\/\/blogdoedvaldomagalhaes.com.br\/index.php\/wp-json\/wp\/v2\/posts\/114104\/revisions"}],"predecessor-version":[{"id":114106,"href":"https:\/\/blogdoedvaldomagalhaes.com.br\/index.php\/wp-json\/wp\/v2\/posts\/114104\/revisions\/114106"}],"wp:featuredmedia":[{"embeddable":true,"href":"https:\/\/blogdoedvaldomagalhaes.com.br\/index.php\/wp-json\/wp\/v2\/media\/114105"}],"wp:attachment":[{"href":"https:\/\/blogdoedvaldomagalhaes.com.br\/index.php\/wp-json\/wp\/v2\/media?parent=114104"}],"wp:term":[{"taxonomy":"category","embeddable":true,"href":"https:\/\/blogdoedvaldomagalhaes.com.br\/index.php\/wp-json\/wp\/v2\/categories?post=114104"},{"taxonomy":"post_tag","embeddable":true,"href":"https:\/\/blogdoedvaldomagalhaes.com.br\/index.php\/wp-json\/wp\/v2\/tags?post=114104"}],"curies":[{"name":"wp","href":"https:\/\/api.w.org\/{rel}","templated":true}]}}