{"id":114087,"date":"2024-11-03T08:56:37","date_gmt":"2024-11-03T11:56:37","guid":{"rendered":"https:\/\/blogdoedvaldomagalhaes.com.br\/?p=114087"},"modified":"2024-11-03T10:25:33","modified_gmt":"2024-11-03T13:25:33","slug":"homem-e-assassinado-a-tiros-na-madrugada-em-caruaru","status":"publish","type":"post","link":"https:\/\/blogdoedvaldomagalhaes.com.br\/index.php\/2024\/11\/03\/homem-e-assassinado-a-tiros-na-madrugada-em-caruaru\/","title":{"rendered":"Homem \u00e9 assassinado a tiros na madrugada, em Caruaru"},"content":{"rendered":"<p>A policia registrou um homicidio no in\u00edcio da madrugada deste domingo (03.11). Segundo informa\u00e7\u00f5es de moradores da Vila Rafael, no 2\u00b0 Distrito de Caruaru, por volta de 0h50, o ex-presidi\u00e1rio Alex Ribeiro dos Santos, vulgo &#8220;L\u00e9o&#8221;, 39 anos, foi morto por 10 disparos de arma de fogo na rua Maria Neneu na Vila do Rafael em Caruaru. Ocorpo foi encaminhado ao IML.<\/p>\n<p>De acordo com informa\u00e7\u00f5es, a v\u00edtima j\u00e1 foi presa por homic\u00eddio e tr\u00e1fico de drogas e estava em liberdade desde o m\u00eas de abril deste ano.<\/p>\n<p>Este foi o 1\u00b0 homic\u00eddio no m\u00eas de novembro, e o 108\u00b0 no ano de 2024, no munic\u00edpio de Caruaru.<br \/>\nSeja seguidor do Instagram do Blog @blogdoedvaldomagalhaes<br \/>\nFoto: Arquivo do Blog do Edvaldo Magalh\u00e3es<\/p>\n<p><img loading=\"lazy\" decoding=\"async\" class=\"wp-image-114092 alignnone size-full\" src=\"https:\/\/blogdoedvaldomagalhaes.com.br\/wp-content\/uploads\/2024\/11\/img-20241103-wa001728298348880954884142.jpg\" width=\"1200\" height=\"1034\" srcset=\"https:\/\/blogdoedvaldomagalhaes.com.br\/wp-content\/uploads\/2024\/11\/img-20241103-wa001728298348880954884142.jpg 1200w, https:\/\/blogdoedvaldomagalhaes.com.br\/wp-content\/uploads\/2024\/11\/img-20241103-wa001728298348880954884142-300x259.jpg 300w, https:\/\/blogdoedvaldomagalhaes.com.br\/wp-content\/uploads\/2024\/11\/img-20241103-wa001728298348880954884142-1024x882.jpg 1024w, https:\/\/blogdoedvaldomagalhaes.com.br\/wp-content\/uploads\/2024\/11\/img-20241103-wa001728298348880954884142-768x662.jpg 768w\" sizes=\"auto, (max-width: 1200px) 100vw, 1200px\" \/><\/p>\n<p>Foto da v\u00edtima<\/p>\n","protected":false},"excerpt":{"rendered":"<p>A policia registrou um homicidio no in\u00edcio da madrugada deste domingo (03.11). Segundo informa\u00e7\u00f5es de moradores da Vila Rafael, no&hellip;<\/p>\n","protected":false},"author":1,"featured_media":14472,"comment_status":"closed","ping_status":"open","sticky":false,"template":"","format":"standard","meta":{"footnotes":""},"categories":[14121],"tags":[30592,27410,2,28801,5448],"class_list":["post-114087","post","type-post","status-publish","format-standard","has-post-thumbnail","hentry","category-policial","tag-blog-com-mais-seguidores","tag-blog-de-caruaru","tag-blog-do-edvaldo-magalhaes","tag-blog-mais-acessado","tag-homicidio"],"_links":{"self":[{"href":"https:\/\/blogdoedvaldomagalhaes.com.br\/index.php\/wp-json\/wp\/v2\/posts\/114087","targetHints":{"allow":["GET"]}}],"collection":[{"href":"https:\/\/blogdoedvaldomagalhaes.com.br\/index.php\/wp-json\/wp\/v2\/posts"}],"about":[{"href":"https:\/\/blogdoedvaldomagalhaes.com.br\/index.php\/wp-json\/wp\/v2\/types\/post"}],"author":[{"embeddable":true,"href":"https:\/\/blogdoedvaldomagalhaes.com.br\/index.php\/wp-json\/wp\/v2\/users\/1"}],"replies":[{"embeddable":true,"href":"https:\/\/blogdoedvaldomagalhaes.com.br\/index.php\/wp-json\/wp\/v2\/comments?post=114087"}],"version-history":[{"count":6,"href":"https:\/\/blogdoedvaldomagalhaes.com.br\/index.php\/wp-json\/wp\/v2\/posts\/114087\/revisions"}],"predecessor-version":[{"id":114097,"href":"https:\/\/blogdoedvaldomagalhaes.com.br\/index.php\/wp-json\/wp\/v2\/posts\/114087\/revisions\/114097"}],"wp:featuredmedia":[{"embeddable":true,"href":"https:\/\/blogdoedvaldomagalhaes.com.br\/index.php\/wp-json\/wp\/v2\/media\/14472"}],"wp:attachment":[{"href":"https:\/\/blogdoedvaldomagalhaes.com.br\/index.php\/wp-json\/wp\/v2\/media?parent=114087"}],"wp:term":[{"taxonomy":"category","embeddable":true,"href":"https:\/\/blogdoedvaldomagalhaes.com.br\/index.php\/wp-json\/wp\/v2\/categories?post=114087"},{"taxonomy":"post_tag","embeddable":true,"href":"https:\/\/blogdoedvaldomagalhaes.com.br\/index.php\/wp-json\/wp\/v2\/tags?post=114087"}],"curies":[{"name":"wp","href":"https:\/\/api.w.org\/{rel}","templated":true}]}}