{"id":114078,"date":"2024-11-02T15:52:41","date_gmt":"2024-11-02T18:52:41","guid":{"rendered":"https:\/\/blogdoedvaldomagalhaes.com.br\/?p=114078"},"modified":"2024-11-02T15:52:41","modified_gmt":"2024-11-02T18:52:41","slug":"ranieri-coelho-destaca-principais-propostas-em-primeiro-debate-realizado-com-candidatos-a-presidencia-da-oab-caruaru","status":"publish","type":"post","link":"https:\/\/blogdoedvaldomagalhaes.com.br\/index.php\/2024\/11\/02\/ranieri-coelho-destaca-principais-propostas-em-primeiro-debate-realizado-com-candidatos-a-presidencia-da-oab-caruaru\/","title":{"rendered":"Ranieri Coelho destaca principais propostas em primeiro debate realizado com candidatos \u00e0 presid\u00eancia da OAB Caruaru"},"content":{"rendered":"<p>O candidato a presidente da OAB Caruaru, Ranieri Coelho, pela chapa \u201cPra seguir forte\u201d, participou do debate realizado na R\u00e1dio Cultura do Nordeste, nessa sexta-feira (1\u00ba.11). Na ocasi\u00e3o, ele destacou o protagonismo que a OAB Caruaru conquistou nos \u00faltimos anos e que, na sua gest\u00e3o, o trabalho ser\u00e1 ampliado. <\/p>\n<p>\u201cA OAB Caruaru alcan\u00e7ou um protagonismo nunca antes visto na hist\u00f3ria da institui\u00e7\u00e3o, e isso \u00e9 atestado por onde n\u00f3s passamos. Hoje a OAB Caruaru tem vez e voz, n\u00e3o \u00e9 apenas uma institui\u00e7\u00e3o com a finalidade de coletar anuidades\u201d, enfatizou o candidato. <\/p>\n<p>No espa\u00e7o, o candidato tamb\u00e9m aproveitou para destacar as principais propostas, entre elas, a amplia\u00e7\u00e3o do audit\u00f3rio da sede da subse\u00e7\u00e3o, a implanta\u00e7\u00e3o de uma central de atendimento ao jovem advogado \u201ccom o objetivo de sanar d\u00favidas e inseguran\u00e7as relacionadas \u00e0 quest\u00f5es pr\u00e1ticas da profiss\u00e3o\u201d. Outro ponto \u00e9 a cria\u00e7\u00e3o de um observat\u00f3rio permanente para acompanhar e analisar poss\u00edveis mudan\u00e7as relacionadas aos \u00f3rg\u00e3os de justi\u00e7a que impactem a atua\u00e7\u00e3o da advocacia e interfiram diretamente na sociedade. <\/p>\n<p>Outra importante proposta destacada \u00e9 a implanta\u00e7\u00e3o de uma ouvidoria da mulher advogada para que ela denuncie qualquer situa\u00e7\u00e3o de viol\u00eancia sofrida no exerc\u00edcio da profiss\u00e3o. &#8220;Nossa gest\u00e3o tamb\u00e9m ser\u00e1 extremamente combativa em rela\u00e7\u00e3o ao ass\u00e9dio que a mulher advogada sofre, seja nos f\u00f3runs, seja nos escrit\u00f3rios de advocacia, seja em qualquer outro lugar&#8221;, destacou. <\/p>\n<p>A elei\u00e7\u00e3o da OAB para escolher a diretoria e conselho a n\u00edvel local e estadual para o tri\u00eanio 2025\/2027 ser\u00e1 realizada de forma on-line no dia 18 de novembro de 2024.<br \/>\nSeja seguidor do Instagram do Blog @blogdoedvaldomagalhaes<br \/>\nFoto: Juelayne Gondim<\/p>\n","protected":false},"excerpt":{"rendered":"<p>O candidato a presidente da OAB Caruaru, Ranieri Coelho, pela chapa \u201cPra seguir forte\u201d, participou do debate realizado na R\u00e1dio&hellip;<\/p>\n","protected":false},"author":1,"featured_media":114079,"comment_status":"closed","ping_status":"open","sticky":false,"template":"","format":"standard","meta":{"footnotes":""},"categories":[14120],"tags":[29440,27410,13146,28801,11346,32061],"class_list":["post-114078","post","type-post","status-publish","format-standard","has-post-thumbnail","hentry","category-noticias","tag-blog-com-mais-visualizacao","tag-blog-de-caruaru","tag-blog-edvaldo-magalhaes","tag-blog-mais-acessado","tag-oab-caruaru","tag-ranieri-coelho-destaca-principais-propostas-em-primeiro-debate-realizado-com-candidatos-a-presidencia-da-oab-caruaru"],"_links":{"self":[{"href":"https:\/\/blogdoedvaldomagalhaes.com.br\/index.php\/wp-json\/wp\/v2\/posts\/114078","targetHints":{"allow":["GET"]}}],"collection":[{"href":"https:\/\/blogdoedvaldomagalhaes.com.br\/index.php\/wp-json\/wp\/v2\/posts"}],"about":[{"href":"https:\/\/blogdoedvaldomagalhaes.com.br\/index.php\/wp-json\/wp\/v2\/types\/post"}],"author":[{"embeddable":true,"href":"https:\/\/blogdoedvaldomagalhaes.com.br\/index.php\/wp-json\/wp\/v2\/users\/1"}],"replies":[{"embeddable":true,"href":"https:\/\/blogdoedvaldomagalhaes.com.br\/index.php\/wp-json\/wp\/v2\/comments?post=114078"}],"version-history":[{"count":1,"href":"https:\/\/blogdoedvaldomagalhaes.com.br\/index.php\/wp-json\/wp\/v2\/posts\/114078\/revisions"}],"predecessor-version":[{"id":114080,"href":"https:\/\/blogdoedvaldomagalhaes.com.br\/index.php\/wp-json\/wp\/v2\/posts\/114078\/revisions\/114080"}],"wp:featuredmedia":[{"embeddable":true,"href":"https:\/\/blogdoedvaldomagalhaes.com.br\/index.php\/wp-json\/wp\/v2\/media\/114079"}],"wp:attachment":[{"href":"https:\/\/blogdoedvaldomagalhaes.com.br\/index.php\/wp-json\/wp\/v2\/media?parent=114078"}],"wp:term":[{"taxonomy":"category","embeddable":true,"href":"https:\/\/blogdoedvaldomagalhaes.com.br\/index.php\/wp-json\/wp\/v2\/categories?post=114078"},{"taxonomy":"post_tag","embeddable":true,"href":"https:\/\/blogdoedvaldomagalhaes.com.br\/index.php\/wp-json\/wp\/v2\/tags?post=114078"}],"curies":[{"name":"wp","href":"https:\/\/api.w.org\/{rel}","templated":true}]}}