{"id":114075,"date":"2024-11-02T15:43:25","date_gmt":"2024-11-02T18:43:25","guid":{"rendered":"https:\/\/blogdoedvaldomagalhaes.com.br\/?p=114075"},"modified":"2024-11-02T15:43:25","modified_gmt":"2024-11-02T18:43:25","slug":"cinema-sao-luiz-com-mais-de-sete-decadas-de-existencia-e-reaberto-ao-publico","status":"publish","type":"post","link":"https:\/\/blogdoedvaldomagalhaes.com.br\/index.php\/2024\/11\/02\/cinema-sao-luiz-com-mais-de-sete-decadas-de-existencia-e-reaberto-ao-publico\/","title":{"rendered":"Cinema S\u00e3o Luiz com mais de sete d\u00e9cadas de exist\u00eancia \u00e9 reaberto ao p\u00fablico"},"content":{"rendered":"<p>Aos aplausos do p\u00fablico presente, o Cinema S\u00e3o Luiz reabriu suas portas \u00e0 popula\u00e7\u00e3o na noite desta sexta-feira (1\u00ba). Equipamento hist\u00f3rico e cultural com mais de sete d\u00e9cadas de exist\u00eancia, o cinema foi reinaugurado oficialmente em cerim\u00f4nia conduzida pela governadora em exerc\u00edcio Priscila Krause, ap\u00f3s reformas estruturais para mant\u00ea-lo erguido. As atividades do S\u00e3o Luiz foram reiniciadas com a programa\u00e7\u00e3o do 15\u00ba Festival Janela Internacional de Cinema do Recife, que contou com a exibi\u00e7\u00e3o do filme Manas. O festival segue at\u00e9 o dia 8 de novembro.<\/p>\n<p>A governadora em exerc\u00edcio Priscila Krause definiu a reabertura do cinema como um acontecimento hist\u00f3rico para a recupera\u00e7\u00e3o do Centro do Recife. &#8220;Essa \u00e9 uma noite hist\u00f3rica, de muita emo\u00e7\u00e3o e que diz muito sobre a cidade do Recife e o estado de Pernambuco. O Cinema S\u00e3o Luiz \u00e9 um dos equipamentos culturais mais importantes do pa\u00eds e faz parte da hist\u00f3ria do audiovisual do Brasil. Hoje, n\u00f3s reabrimos o cinema, que veio para ficar. Gostaria de fazer um agradecimento especial tamb\u00e9m aos trabalhadores e restauradores que fizeram tudo com muito amor e dedica\u00e7\u00e3o&#8221;, afirmou.<\/p>\n<p>A reabertura do cinema foi feita ap\u00f3s serem realizadas obras de recupera\u00e7\u00e3o para garantir a volta da estrutura adequada. As interven\u00e7\u00f5es inclu\u00edram a recupera\u00e7\u00e3o da coberta, or\u00e7ada em R$ 106 mil, com investimento da gest\u00e3o estadual, e a restaura\u00e7\u00e3o do forro decorativo, no valor de R$ 1,3 milh\u00e3o, por meio de recursos do governo federal atrav\u00e9s da Lei Paulo Gustavo (LPG). As obras foram realizadas pela Secretaria Estadual de Cultura (Secult-PE) e pela Funda\u00e7\u00e3o do Patrim\u00f4nio Hist\u00f3rico e Art\u00edstico de Pernambuco (Fundarpe).<\/p>\n<p>&#8220;Entregar esse equipamento \u00e9 entregar muito mais que um espa\u00e7o de exibi\u00e7\u00e3o, \u00e9 refor\u00e7ar Pernambuco enquanto um dos principais polos audiovisuais do Brasil e tamb\u00e9m do mundo. Abrimos as portas para o p\u00fablico, mas tamb\u00e9m abrimos as portas para toda uma cadeia produtiva que tem o Cinema S\u00e3o Luiz como refer\u00eancia para a exibi\u00e7\u00e3o, de alcance local, nacional e global, com equipamentos de ponta\u201d, afirmou a secret\u00e1ria de Cultura, Cacau de Paula.<\/p>\n<p>\u201cO retorno do p\u00fablico ao Cinema S\u00e3o Luiz traz de volta mem\u00f3rias e experi\u00eancias colecionadas nesse belo equipamento cultural durante mais de sete d\u00e9cadas. Frequentar sua sala de exibi\u00e7\u00e3o \u00e9 sempre uma experi\u00eancia m\u00e1gica, diante dos ricos detalhes do forro em gesso policromado, dos vitrais da artista Aurora de Lima, al\u00e9m das poltronas e cortinas vermelhas, que se abrem para anunciar aos expectadores que o filme vai come\u00e7ar\u201d, completou a presidente da Fundarpe, Renata Borba. <\/p>\n<p>O cineasta e roteirista Kleber Mendon\u00e7a Filho esteve na cerim\u00f4nia de reabertura. \u201cUma coisa muito importante que gostaria de dizer, que a governadora Priscila Krause tamb\u00e9m falou, \u00e9 que a cultura \u00e9 uma express\u00e3o pol\u00edtica. Eu acredito muito nisso\u201d, destacou. A cineasta Marianna Brennand, que dirigiu o filme Manas, primeiro a ser exibido na reabertura, tamb\u00e9m expressou seu sentimento. \u201c\u00c9 uma emo\u00e7\u00e3o muito grande estar aqui, uma noite hist\u00f3rica. Estou muito feliz em exibir o filme na primeira noite de reabertura do S\u00e3o Luiz\u201d, disse.<\/p>\n<p>Ap\u00f3s a reabertura, outras melhorias seguem em curso para deixar o S\u00e3o Luiz mais moderno, seguro e acess\u00edvel. A \u00faltima fase de obras no cinema, no valor de R$ 1,9 milh\u00e3o, iniciou no \u00faltimo m\u00eas de agosto, com a licita\u00e7\u00e3o da requalifica\u00e7\u00e3o e acessibilidade do espa\u00e7o cultural. O servi\u00e7o inclui a recupera\u00e7\u00e3o das marquises externas, a instala\u00e7\u00e3o de um sistema de preven\u00e7\u00e3o e combate a inc\u00eandios, a requalifica\u00e7\u00e3o dos banheiros com acessibilidade e a instala\u00e7\u00e3o de um elevador para os quatro pavimentos superiores. Tamb\u00e9m ser\u00e1 realizada a recupera\u00e7\u00e3o de danos em pisos, tetos, portas, lumin\u00e1rias e no ic\u00f4nico letreiro da fachada. A previs\u00e3o \u00e9 que, em dez meses, estejam finalizadas. Esta \u00faltima interven\u00e7\u00e3o tamb\u00e9m conta com recursos da LPG.<\/p>\n<p>Desde crian\u00e7a, Victor Souza, de 32 anos, frequenta o Cinema S\u00e3o Luiz. Editor de v\u00eddeo, o jovem ficou encantado com a reabertura. \u201cEu j\u00e1 esperava a reabertura do S\u00e3o Luiz h\u00e1 muito tempo. Sempre visitava o perfil do cinema para ver quando seria essa reabertura. E saber que foi reaberto junto com o festival Janela se torna uma volta emocionante\u201d, contou Victor.<\/p>\n<p>Ap\u00f3s o Janela de Cinema, o Cinema S\u00e3o Luiz vai ser espa\u00e7o para o ciclo especial no dia 16 deste m\u00eas. A programa\u00e7\u00e3o ser\u00e1 coordenada por Lu\u00eds Fernando Moura, curador, pesquisador e produtor, com passagens por diversas mostras e festivais. O ciclo de programa\u00e7\u00e3o especial acontecer\u00e1 concomitante ao andamento e \u00e0 finaliza\u00e7\u00e3o da \u00faltima fase das obras de acessibilidade e requalifica\u00e7\u00e3o completas. <\/p>\n<p>O deputado estadual Jo\u00e3o Paulo falou da import\u00e2ncia de se ter o Cinema S\u00e3o Luiz de volta. \u201cEu acho que \u00e9 uma forma de resgatar a nossa cultura, manter vivo o cinema, que \u00e9 de tanta tradi\u00e7\u00e3o, e \u00e9 um s\u00edmbolo, a meu ver, da cidade do Recife, \u00e0s margens do Rio Capibaribe. Um lugar encantador\u201d, registrou o deputado.<\/p>\n<p>*HIST\u00d3RICO* \u2013 Em julho de 2022, o S\u00e3o Luiz foi fechado para a implanta\u00e7\u00e3o de um novo sistema de refrigera\u00e7\u00e3o, corre\u00e7\u00e3o de problemas de vazamento de cobertura e redimensionamento das suas instala\u00e7\u00f5es el\u00e9tricas. Ap\u00f3s chuvas torrenciais ocorridas no Recife em fevereiro de 2023, o equipamento precisou ser totalmente interditado por medida de seguran\u00e7a. A reabertura do cinema se tornou prioridade para a Secretaria de Cultura desde ent\u00e3o.<\/p>\n<p>Inaugurado no dia 6 de setembro de 1952, o cinema S\u00e3o Luiz tornou-se um dos mais emblem\u00e1ticos cinemas do Recife, prezando por essa arte em sua concep\u00e7\u00e3o cl\u00e1ssica, com exibi\u00e7\u00e3o em cineteatro. Atualmente, \u00e9 o de mais rica concep\u00e7\u00e3o art\u00edstica e arquitet\u00f4nica do Recife e um dos \u00faltimos cinemas de rua do Brasil.<\/p>\n<p>Acompanharam a reabertura do cinema os senadores Fernando Dueire e Humberto Costa, e o ministro da Pesca e Aquicultura, Andr\u00e9 de Paula. Tamb\u00e9m estavam os deputados estaduais Rosa Amorim, Dani Portela e Jarbas Filho, al\u00e9m da vereadora do Recife Liana Cirne. O ex-governador de Pernambuco Gustavo Krause, e a secret\u00e1ria da Mulher em exerc\u00edcio, Juliana Gouveia, tamb\u00e9m estiveram presentes.<br \/>\nFoto: Jana\u00edna Pepeu\/Secom<br \/>\nSeja seguidor do Instagram do Blog @blogdoedvaldomagalhaes<\/p>\n","protected":false},"excerpt":{"rendered":"<p>Aos aplausos do p\u00fablico presente, o Cinema S\u00e3o Luiz reabriu suas portas \u00e0 popula\u00e7\u00e3o na noite desta sexta-feira (1\u00ba). Equipamento&hellip;<\/p>\n","protected":false},"author":1,"featured_media":114076,"comment_status":"closed","ping_status":"open","sticky":false,"template":"","format":"standard","meta":{"footnotes":""},"categories":[14120],"tags":[28803,27410,2,28801,32060],"class_list":["post-114075","post","type-post","status-publish","format-standard","has-post-thumbnail","hentry","category-noticias","tag-blog-com-mais-visualizacoes","tag-blog-de-caruaru","tag-blog-do-edvaldo-magalhaes","tag-blog-mais-acessado","tag-cinema-sao-luiz-com-mais-de-sete-decadas-de-existencia-e-reaberto-ao-publico"],"_links":{"self":[{"href":"https:\/\/blogdoedvaldomagalhaes.com.br\/index.php\/wp-json\/wp\/v2\/posts\/114075","targetHints":{"allow":["GET"]}}],"collection":[{"href":"https:\/\/blogdoedvaldomagalhaes.com.br\/index.php\/wp-json\/wp\/v2\/posts"}],"about":[{"href":"https:\/\/blogdoedvaldomagalhaes.com.br\/index.php\/wp-json\/wp\/v2\/types\/post"}],"author":[{"embeddable":true,"href":"https:\/\/blogdoedvaldomagalhaes.com.br\/index.php\/wp-json\/wp\/v2\/users\/1"}],"replies":[{"embeddable":true,"href":"https:\/\/blogdoedvaldomagalhaes.com.br\/index.php\/wp-json\/wp\/v2\/comments?post=114075"}],"version-history":[{"count":1,"href":"https:\/\/blogdoedvaldomagalhaes.com.br\/index.php\/wp-json\/wp\/v2\/posts\/114075\/revisions"}],"predecessor-version":[{"id":114077,"href":"https:\/\/blogdoedvaldomagalhaes.com.br\/index.php\/wp-json\/wp\/v2\/posts\/114075\/revisions\/114077"}],"wp:featuredmedia":[{"embeddable":true,"href":"https:\/\/blogdoedvaldomagalhaes.com.br\/index.php\/wp-json\/wp\/v2\/media\/114076"}],"wp:attachment":[{"href":"https:\/\/blogdoedvaldomagalhaes.com.br\/index.php\/wp-json\/wp\/v2\/media?parent=114075"}],"wp:term":[{"taxonomy":"category","embeddable":true,"href":"https:\/\/blogdoedvaldomagalhaes.com.br\/index.php\/wp-json\/wp\/v2\/categories?post=114075"},{"taxonomy":"post_tag","embeddable":true,"href":"https:\/\/blogdoedvaldomagalhaes.com.br\/index.php\/wp-json\/wp\/v2\/tags?post=114075"}],"curies":[{"name":"wp","href":"https:\/\/api.w.org\/{rel}","templated":true}]}}