{"id":114071,"date":"2024-11-01T20:02:36","date_gmt":"2024-11-01T23:02:36","guid":{"rendered":"https:\/\/blogdoedvaldomagalhaes.com.br\/?p=114071"},"modified":"2024-11-01T20:02:36","modified_gmt":"2024-11-01T23:02:36","slug":"ossada-humana-e-encontrada-em-caruaru","status":"publish","type":"post","link":"https:\/\/blogdoedvaldomagalhaes.com.br\/index.php\/2024\/11\/01\/ossada-humana-e-encontrada-em-caruaru\/","title":{"rendered":"Ossada humana \u00e9 encontrada em Caruaru"},"content":{"rendered":"<p>No final da manh\u00e3 desta sexta-feira (01), uma 0ssada humana foi localizada dentro de um enorme terreno baldio por tr\u00e1s do Hospital Regional do Agreste em Caruaru. Alguns homens foram contratados para ro\u00e7ar a vegeta\u00e7\u00e3o e ap\u00f3s algum tempo localizaram a 0ssada e acionaram a PM.<\/p>\n<p>A Pol\u00edcia Militar realizou o isolamento do local, o IC periciou a 0ssada e a Pol\u00edcia Civil encaminhou os restos mortais para o IML local e o IML do Recife vir\u00e1 buscar a ossada para ser periciada no IML da capital.<\/p>\n<p>A v\u00edtima est\u00e1 sem identifica\u00e7\u00e3o e a causa da morte ainda est\u00e1 indefinida. Informa\u00e7\u00f5es e foto: Blog do Adielson Galv\u00e3o<br \/>\nSeja seguidor do Instagram do Blog @blogdoedvaldomagalhaes<\/p>\n","protected":false},"excerpt":{"rendered":"<p>No final da manh\u00e3 desta sexta-feira (01), uma 0ssada humana foi localizada dentro de um enorme terreno baldio por tr\u00e1s&hellip;<\/p>\n","protected":false},"author":1,"featured_media":114072,"comment_status":"closed","ping_status":"open","sticky":false,"template":"","format":"standard","meta":{"footnotes":""},"categories":[14121],"tags":[29440,27410,2,28801],"class_list":["post-114071","post","type-post","status-publish","format-standard","has-post-thumbnail","hentry","category-policial","tag-blog-com-mais-visualizacao","tag-blog-de-caruaru","tag-blog-do-edvaldo-magalhaes","tag-blog-mais-acessado"],"_links":{"self":[{"href":"https:\/\/blogdoedvaldomagalhaes.com.br\/index.php\/wp-json\/wp\/v2\/posts\/114071","targetHints":{"allow":["GET"]}}],"collection":[{"href":"https:\/\/blogdoedvaldomagalhaes.com.br\/index.php\/wp-json\/wp\/v2\/posts"}],"about":[{"href":"https:\/\/blogdoedvaldomagalhaes.com.br\/index.php\/wp-json\/wp\/v2\/types\/post"}],"author":[{"embeddable":true,"href":"https:\/\/blogdoedvaldomagalhaes.com.br\/index.php\/wp-json\/wp\/v2\/users\/1"}],"replies":[{"embeddable":true,"href":"https:\/\/blogdoedvaldomagalhaes.com.br\/index.php\/wp-json\/wp\/v2\/comments?post=114071"}],"version-history":[{"count":1,"href":"https:\/\/blogdoedvaldomagalhaes.com.br\/index.php\/wp-json\/wp\/v2\/posts\/114071\/revisions"}],"predecessor-version":[{"id":114073,"href":"https:\/\/blogdoedvaldomagalhaes.com.br\/index.php\/wp-json\/wp\/v2\/posts\/114071\/revisions\/114073"}],"wp:featuredmedia":[{"embeddable":true,"href":"https:\/\/blogdoedvaldomagalhaes.com.br\/index.php\/wp-json\/wp\/v2\/media\/114072"}],"wp:attachment":[{"href":"https:\/\/blogdoedvaldomagalhaes.com.br\/index.php\/wp-json\/wp\/v2\/media?parent=114071"}],"wp:term":[{"taxonomy":"category","embeddable":true,"href":"https:\/\/blogdoedvaldomagalhaes.com.br\/index.php\/wp-json\/wp\/v2\/categories?post=114071"},{"taxonomy":"post_tag","embeddable":true,"href":"https:\/\/blogdoedvaldomagalhaes.com.br\/index.php\/wp-json\/wp\/v2\/tags?post=114071"}],"curies":[{"name":"wp","href":"https:\/\/api.w.org\/{rel}","templated":true}]}}