{"id":114069,"date":"2024-11-01T19:45:37","date_gmt":"2024-11-01T22:45:37","guid":{"rendered":"https:\/\/blogdoedvaldomagalhaes.com.br\/?p=114069"},"modified":"2024-11-01T20:14:07","modified_gmt":"2024-11-01T23:14:07","slug":"mulher-e-presa-suspeita-de-assalto-e-sequestro-de-motorista-de-aplicativo-e-comparsa-esta-foragido-com-carro-da-vitima","status":"publish","type":"post","link":"https:\/\/blogdoedvaldomagalhaes.com.br\/index.php\/2024\/11\/01\/mulher-e-presa-suspeita-de-assalto-e-sequestro-de-motorista-de-aplicativo-e-comparsa-esta-foragido-com-carro-da-vitima\/","title":{"rendered":"Mulher \u00e9 presa suspeita de assalto e sequestro de motorista de aplicativo, e comparsa est\u00e1 foragido  com carro da v\u00edtima"},"content":{"rendered":"<p>Na madrugada desta sexta-feira (1\u00ba.11), policiais militares<span style=\"font-size: revert;\"> do 4\u00b0 Batalh\u00e3o prenderam Karina Sim\u00e3o Coelho, suspeita de participa\u00e7\u00e3o em assaltos a motoristas de aplicativo em Caruaru. Ela foi localizada no bairro Salgado, em posse de um ve\u00edculo Gol de placa PFL-3639, que havia sido roubado.<\/span><\/p>\n<p>A pol\u00edcia informou que Karina e o comparsa Carlos Alberto Ramos da Silva Junior, teriam sequestrado e assaltado um motorista de aplicativo na mesma noite. Ainda de acordo com a pol\u00edcia, os criminosos subtra\u00edram cerca de mil reais em dinheiro, o celular da v\u00edtima e seu ve\u00edculo, um Hyundai HB20 prata, de placas RLR2A43.<\/p>\n<p>Karina foi autuada em flagrante e encaminhada para audi\u00eancia de cust\u00f3dia. O comparsa est\u00e1 foragido com o carro da v\u00edtima, enquanto a pol\u00edcia utiliza imagens de c\u00e2meras de seguran\u00e7a para auxiliar nas buscas. Informa\u00e7\u00f5es: jornalista Kalebe Pereira\/24 horas<br \/>\nSeja seguidor do Instagram do Blog @blogdoedvaldomagalhaes<\/p>\n","protected":false},"excerpt":{"rendered":"<p>Na madrugada desta sexta-feira (1\u00ba.11), policiais militares do 4\u00b0 Batalh\u00e3o prenderam Karina Sim\u00e3o Coelho, suspeita de participa\u00e7\u00e3o em assaltos a&hellip;<\/p>\n","protected":false},"author":1,"featured_media":112325,"comment_status":"closed","ping_status":"open","sticky":false,"template":"","format":"standard","meta":{"footnotes":""},"categories":[14121],"tags":[30592,27410,2,28801],"class_list":["post-114069","post","type-post","status-publish","format-standard","has-post-thumbnail","hentry","category-policial","tag-blog-com-mais-seguidores","tag-blog-de-caruaru","tag-blog-do-edvaldo-magalhaes","tag-blog-mais-acessado"],"_links":{"self":[{"href":"https:\/\/blogdoedvaldomagalhaes.com.br\/index.php\/wp-json\/wp\/v2\/posts\/114069","targetHints":{"allow":["GET"]}}],"collection":[{"href":"https:\/\/blogdoedvaldomagalhaes.com.br\/index.php\/wp-json\/wp\/v2\/posts"}],"about":[{"href":"https:\/\/blogdoedvaldomagalhaes.com.br\/index.php\/wp-json\/wp\/v2\/types\/post"}],"author":[{"embeddable":true,"href":"https:\/\/blogdoedvaldomagalhaes.com.br\/index.php\/wp-json\/wp\/v2\/users\/1"}],"replies":[{"embeddable":true,"href":"https:\/\/blogdoedvaldomagalhaes.com.br\/index.php\/wp-json\/wp\/v2\/comments?post=114069"}],"version-history":[{"count":2,"href":"https:\/\/blogdoedvaldomagalhaes.com.br\/index.php\/wp-json\/wp\/v2\/posts\/114069\/revisions"}],"predecessor-version":[{"id":114074,"href":"https:\/\/blogdoedvaldomagalhaes.com.br\/index.php\/wp-json\/wp\/v2\/posts\/114069\/revisions\/114074"}],"wp:featuredmedia":[{"embeddable":true,"href":"https:\/\/blogdoedvaldomagalhaes.com.br\/index.php\/wp-json\/wp\/v2\/media\/112325"}],"wp:attachment":[{"href":"https:\/\/blogdoedvaldomagalhaes.com.br\/index.php\/wp-json\/wp\/v2\/media?parent=114069"}],"wp:term":[{"taxonomy":"category","embeddable":true,"href":"https:\/\/blogdoedvaldomagalhaes.com.br\/index.php\/wp-json\/wp\/v2\/categories?post=114069"},{"taxonomy":"post_tag","embeddable":true,"href":"https:\/\/blogdoedvaldomagalhaes.com.br\/index.php\/wp-json\/wp\/v2\/tags?post=114069"}],"curies":[{"name":"wp","href":"https:\/\/api.w.org\/{rel}","templated":true}]}}