{"id":114066,"date":"2024-11-01T14:48:28","date_gmt":"2024-11-01T17:48:28","guid":{"rendered":"https:\/\/blogdoedvaldomagalhaes.com.br\/?p=114066"},"modified":"2024-11-01T14:48:28","modified_gmt":"2024-11-01T17:48:28","slug":"festival-municipal-esportivo-2024-contemplara-mais-de-500-alunos-da-rede-de-ensino-de-caruaru","status":"publish","type":"post","link":"https:\/\/blogdoedvaldomagalhaes.com.br\/index.php\/2024\/11\/01\/festival-municipal-esportivo-2024-contemplara-mais-de-500-alunos-da-rede-de-ensino-de-caruaru\/","title":{"rendered":"Festival Municipal Esportivo 2024 contemplar\u00e1 mais de 500 alunos da rede de ensino de Caruaru"},"content":{"rendered":"<p>O Festival Municipal Esportivo 2024 ser\u00e1 realizado, nesta pr\u00f3xima semana, no Gin\u00e1sio Municipal Poliesportivo Professor Erlandsen Rodrigues da Silva, na ETI \u00c1lvaro Lins, bairro Maur\u00edcio de Nassau. Realizada pela Secretaria de Educa\u00e7\u00e3o e Esportes de Caruaru, a iniciativa tem como objetivo promover a educa\u00e7\u00e3o esportiva de forma l\u00fadica e inclusiva a estudantes dos anos iniciais da rede municipal de ensino.<\/p>\n<p>&#8220;Com este Festival, alunos do 3\u00ba ao 5\u00ba ano, com idades dos 8 aos 11 anos, ter\u00e3o oportunidade de vivenciar modalidades esportivas, a exemplos do futsal, do handebol e da bocha paral\u00edmpica, atrav\u00e9s de brincadeiras, atividades recreativas e jogos, aproximando-os cada vez mais dos aprendizados e transforma\u00e7\u00f5es que o esporte costuma provocar na vida dos estudantes&#8221;, enalteceu o secret\u00e1rio de Educa\u00e7\u00e3o e Esportes de Caruaru, Kaio Cola\u00e7o.  <\/p>\n<p>Al\u00e9m de participarem das atividades no gin\u00e1sio, os estudantes tamb\u00e9m vivenciar\u00e3o de perto as modalidades do atletismo, no Complexo Ol\u00edmpico Municipal Rei Pel\u00e9, que fica integrado aos demais equipamentos esportivos da \u00c1lvaro Lins. Ao todo, 531 estudantes ser\u00e3o contemplados com as atividades. <\/p>\n<p>&#8220;Ser\u00e1 um grande momento de viv\u00eancias esportivas, onde as crian\u00e7as ter\u00e3o oportunidade de participar de v\u00e1rias modalidades em uma mesma manh\u00e3, al\u00e9m de termos a integra\u00e7\u00e3o, a intera\u00e7\u00e3o e a possibilidade do despertar em trabalhar por equipe. Mais uma iniciativa importante do governo Rodrigo Pinheiro em prol do desenvolvimento dos alunos, por meio da pr\u00e1tica esportiva&#8221;, destacou o secret\u00e1rio executivo de Esportes, Adson Leonel.<\/p>\n<p>Em paralelo \u00e0s atividades esportivas, o Festival  contar\u00e1 com apresenta\u00e7\u00f5es culturais realizadas por 171 alunos tamb\u00e9m da rede municipal de ensino. Ele ocorrer\u00e1 sempre no per\u00edodo da manh\u00e3, desta segunda (04) at\u00e9 a sexta-feira (08), a partir das 8h, sendo aberto ao p\u00fablico. Foto: Divulga\u00e7\u00e3o\/Secom<br \/>\nSeja seguidor do Instagram do Blog @blogdoedvaldomagalhaes<\/p>\n","protected":false},"excerpt":{"rendered":"<p>O Festival Municipal Esportivo 2024 ser\u00e1 realizado, nesta pr\u00f3xima semana, no Gin\u00e1sio Municipal Poliesportivo Professor Erlandsen Rodrigues da Silva, na&hellip;<\/p>\n","protected":false},"author":1,"featured_media":114067,"comment_status":"closed","ping_status":"open","sticky":false,"template":"","format":"standard","meta":{"footnotes":""},"categories":[14120],"tags":[30253,29440,13146,28801,32059,6],"class_list":["post-114066","post","type-post","status-publish","format-standard","has-post-thumbnail","hentry","category-noticias","tag-blog-caruaru","tag-blog-com-mais-visualizacao","tag-blog-edvaldo-magalhaes","tag-blog-mais-acessado","tag-festival-municipal-esportivo-2024-contemplara-mais-de-500-alunos-da-rede-de-ensino-de-caruaru","tag-noticias"],"_links":{"self":[{"href":"https:\/\/blogdoedvaldomagalhaes.com.br\/index.php\/wp-json\/wp\/v2\/posts\/114066","targetHints":{"allow":["GET"]}}],"collection":[{"href":"https:\/\/blogdoedvaldomagalhaes.com.br\/index.php\/wp-json\/wp\/v2\/posts"}],"about":[{"href":"https:\/\/blogdoedvaldomagalhaes.com.br\/index.php\/wp-json\/wp\/v2\/types\/post"}],"author":[{"embeddable":true,"href":"https:\/\/blogdoedvaldomagalhaes.com.br\/index.php\/wp-json\/wp\/v2\/users\/1"}],"replies":[{"embeddable":true,"href":"https:\/\/blogdoedvaldomagalhaes.com.br\/index.php\/wp-json\/wp\/v2\/comments?post=114066"}],"version-history":[{"count":1,"href":"https:\/\/blogdoedvaldomagalhaes.com.br\/index.php\/wp-json\/wp\/v2\/posts\/114066\/revisions"}],"predecessor-version":[{"id":114068,"href":"https:\/\/blogdoedvaldomagalhaes.com.br\/index.php\/wp-json\/wp\/v2\/posts\/114066\/revisions\/114068"}],"wp:featuredmedia":[{"embeddable":true,"href":"https:\/\/blogdoedvaldomagalhaes.com.br\/index.php\/wp-json\/wp\/v2\/media\/114067"}],"wp:attachment":[{"href":"https:\/\/blogdoedvaldomagalhaes.com.br\/index.php\/wp-json\/wp\/v2\/media?parent=114066"}],"wp:term":[{"taxonomy":"category","embeddable":true,"href":"https:\/\/blogdoedvaldomagalhaes.com.br\/index.php\/wp-json\/wp\/v2\/categories?post=114066"},{"taxonomy":"post_tag","embeddable":true,"href":"https:\/\/blogdoedvaldomagalhaes.com.br\/index.php\/wp-json\/wp\/v2\/tags?post=114066"}],"curies":[{"name":"wp","href":"https:\/\/api.w.org\/{rel}","templated":true}]}}