{"id":114056,"date":"2024-11-01T11:06:11","date_gmt":"2024-11-01T14:06:11","guid":{"rendered":"https:\/\/blogdoedvaldomagalhaes.com.br\/?p=114056"},"modified":"2024-11-01T11:09:48","modified_gmt":"2024-11-01T14:09:48","slug":"confira-a-programacao-do-mes-da-consciencia-negra-em-caruaru","status":"publish","type":"post","link":"https:\/\/blogdoedvaldomagalhaes.com.br\/index.php\/2024\/11\/01\/confira-a-programacao-do-mes-da-consciencia-negra-em-caruaru\/","title":{"rendered":"Confira a programa\u00e7\u00e3o do M\u00eas da Consci\u00eancia Negra em Caruaru"},"content":{"rendered":"<p>A Prefeitura de Caruaru, por meio da Funda\u00e7\u00e3o de Cultura, ir\u00e1 realizar diversas a\u00e7\u00f5es gratuitas durante o m\u00eas de novembro no munic\u00edpio em alus\u00e3o \u00e0 Consci\u00eancia Negra. A programa\u00e7\u00e3o ter\u00e1 in\u00edcio na sexta-feira (1\u00ba) e seguir\u00e1 at\u00e9 o dia 30.<\/p>\n<p>Entre as a\u00e7\u00f5es deste ano, que contam com a parceria das Secretarias de Desenvolvimento Social e Direitos Humanos (SDSDH) e de Pol\u00edticas para Mulheres (SPM), est\u00e3o capacita\u00e7\u00f5es, exposi\u00e7\u00f5es, noite do acaraj\u00e9, apresenta\u00e7\u00e3o de grupos de capoeira, desfile de moda afro e a entrega do t\u00edtulo de Not\u00f3rio Saber da Cultura Afro.<\/p>\n<p><b data-removefontsize=\"true\" data-originalcomputedfontsize=\"16\">Confira abaixo a programa\u00e7\u00e3o completa:<br \/>\n<\/b><br \/>\nDe 1\u00ba a 30 de novembro<br \/>\nExposi\u00e7\u00e3o discogr\u00e1fica \u201cMusicalidade Afro-Brasileira\u201d no hall da Funda\u00e7\u00e3o de Cultura, localizada na <a href=\"https:\/\/www.google.com\/maps\/search\/Rua+Frei+Caneca,+352?entry=gmail&amp;source=g\" data-saferedirecturl=\"https:\/\/www.google.com\/url?q=https:\/\/www.google.com\/maps\/search\/Rua%2BFrei%2BCaneca,%2B352?entry%3Dgmail%26source%3Dg&amp;source=gmail&amp;ust=1730553604242000&amp;usg=AOvVaw2CbXnK12-mkuTStIeFkNqI\" data-removefontsize=\"true\" data-originalcomputedfontsize=\"16\">Rua Frei Caneca, 352<\/a>, bairro Maur\u00edcio de Nassau.<\/p>\n<p>8 de novembro<br \/>\n14h &#8211; Abertura &#8211; Oficina de Percuss\u00e3o com Livia Ruana e Juliana Cavalcante, no Galp\u00e3o da Esta\u00e7\u00e3o Ferrovi\u00e1ria<br \/>\n18h30 \u2013 Roda de Di\u00e1logo com o tema Racismo Estrutural e Religioso, no Galp\u00e3o da Esta\u00e7\u00e3o Ferrovi\u00e1ria. Participantes: Petrucio Cruz, Ivanildo Carvalho, B\u00e0b\u00e1l\u00f2ris\u00e1 \u00a0Ivan ty Ayr\u00e1, Iy\u00e1l\u00f2ris\u00e1 Manuela ty Oy\u00e1no.<\/p>\n<p>13 de novembro<br \/>\n19h &#8211; Capacitax\u00e9<br \/>\nFormaliza\u00e7\u00e3o e cria\u00e7\u00e3o de Associa\u00e7\u00e3o para Povos de Terreiros<br \/>\nComo se tornar um Ponto de Cultura?<br \/>\nPalestrantes: B\u00e0b\u00e1lori\u1e63\u00e1 Kiamb\u00e1 do Il\u00e8 A\u1e63\u00e9 Kiamb\u00e1 Oj\u00fa \u1eccy\u00e1 e B\u00e0b\u00e1lori\u1e63\u00e1 Colibri Brasil do Il\u00e8 Aw\u00f2.<\/p>\n<p>14 de novembro<br \/>\n9h \u2013 Oficina de dan\u00e7a Afro Baque de Rum, com a participa\u00e7\u00e3o de escolas p\u00fablicas do munic\u00edpio<br \/>\n14h \u2013 Oficina de Percuss\u00e3o Conex\u00e3o Corpo e Tambor, com Petrucio Cruz, na Esta\u00e7\u00e3o Ferrovi\u00e1ria<br \/>\n18h \u2013 Encontro dos Ogans<br \/>\n19h \u2013 Desfile Moda Afro, de Jacqueline Silva<\/p>\n<p>20 de novembro<br \/>\n14h \u2013 Oficina de varia\u00e7\u00f5es r\u00edtmicas de samba em diferentes territ\u00f3rios, com Petrucio Cruz e Baque de Rum, na Esta\u00e7\u00e3o Ferrovi\u00e1ria<\/p>\n<p>21 de novembro<br \/>\n10h &#8211; Oficina de Percuss\u00e3o Conex\u00e3o Corpo e Tambor com Petrucio Cruz e o Grupo de estudos Aya Sankofa da UFPE<br \/>\n10h &#8211; Exposi\u00e7\u00e3o Pra Oy\u00e1 &#8211; Celebrando a espiritualidade no Candombl\u00e9, na Esta\u00e7\u00e3o Ferrovi\u00e1ria<br \/>\n16h \u2013 Palha\u00e7aria na rua Trup Gargalhada, de Roberg Adonay, na Esta\u00e7\u00e3o Ferrovi\u00e1ria<br \/>\n19h \u2013 Noite do Acaraj\u00e9 com coletivo Baque de Rum<br \/>\n19h \u2013 Roda de Capoeira, com o Grupo Ra\u00e7a Nobre<br \/>\n20h &#8211; Entrega do T\u00edtulo de Not\u00f3rio Saber da Cultura Afro<\/p>\n<p>27 de novembro<br \/>\n19h \u2013 Encontr\u00e3o identidade Afro-Brasileira<\/p>\n","protected":false},"excerpt":{"rendered":"<p>A Prefeitura de Caruaru, por meio da Funda\u00e7\u00e3o de Cultura, ir\u00e1 realizar diversas a\u00e7\u00f5es gratuitas durante o m\u00eas de novembro&hellip;<\/p>\n","protected":false},"author":1,"featured_media":114058,"comment_status":"closed","ping_status":"open","sticky":false,"template":"","format":"standard","meta":{"footnotes":""},"categories":[14120],"tags":[30592,27410,2,28801],"class_list":["post-114056","post","type-post","status-publish","format-standard","has-post-thumbnail","hentry","category-noticias","tag-blog-com-mais-seguidores","tag-blog-de-caruaru","tag-blog-do-edvaldo-magalhaes","tag-blog-mais-acessado"],"_links":{"self":[{"href":"https:\/\/blogdoedvaldomagalhaes.com.br\/index.php\/wp-json\/wp\/v2\/posts\/114056","targetHints":{"allow":["GET"]}}],"collection":[{"href":"https:\/\/blogdoedvaldomagalhaes.com.br\/index.php\/wp-json\/wp\/v2\/posts"}],"about":[{"href":"https:\/\/blogdoedvaldomagalhaes.com.br\/index.php\/wp-json\/wp\/v2\/types\/post"}],"author":[{"embeddable":true,"href":"https:\/\/blogdoedvaldomagalhaes.com.br\/index.php\/wp-json\/wp\/v2\/users\/1"}],"replies":[{"embeddable":true,"href":"https:\/\/blogdoedvaldomagalhaes.com.br\/index.php\/wp-json\/wp\/v2\/comments?post=114056"}],"version-history":[{"count":1,"href":"https:\/\/blogdoedvaldomagalhaes.com.br\/index.php\/wp-json\/wp\/v2\/posts\/114056\/revisions"}],"predecessor-version":[{"id":114057,"href":"https:\/\/blogdoedvaldomagalhaes.com.br\/index.php\/wp-json\/wp\/v2\/posts\/114056\/revisions\/114057"}],"wp:featuredmedia":[{"embeddable":true,"href":"https:\/\/blogdoedvaldomagalhaes.com.br\/index.php\/wp-json\/wp\/v2\/media\/114058"}],"wp:attachment":[{"href":"https:\/\/blogdoedvaldomagalhaes.com.br\/index.php\/wp-json\/wp\/v2\/media?parent=114056"}],"wp:term":[{"taxonomy":"category","embeddable":true,"href":"https:\/\/blogdoedvaldomagalhaes.com.br\/index.php\/wp-json\/wp\/v2\/categories?post=114056"},{"taxonomy":"post_tag","embeddable":true,"href":"https:\/\/blogdoedvaldomagalhaes.com.br\/index.php\/wp-json\/wp\/v2\/tags?post=114056"}],"curies":[{"name":"wp","href":"https:\/\/api.w.org\/{rel}","templated":true}]}}