{"id":113985,"date":"2024-10-29T14:47:18","date_gmt":"2024-10-29T17:47:18","guid":{"rendered":"https:\/\/blogdoedvaldomagalhaes.com.br\/?p=113985"},"modified":"2024-10-29T14:47:18","modified_gmt":"2024-10-29T17:47:18","slug":"prefeitura-de-caruaru-orienta-beneficiarios-do-bpc-sobre-regularizacao-do-cadastro-unico","status":"publish","type":"post","link":"https:\/\/blogdoedvaldomagalhaes.com.br\/index.php\/2024\/10\/29\/prefeitura-de-caruaru-orienta-beneficiarios-do-bpc-sobre-regularizacao-do-cadastro-unico\/","title":{"rendered":"Prefeitura de Caruaru orienta benefici\u00e1rios do BPC sobre regulariza\u00e7\u00e3o do Cadastro \u00danico"},"content":{"rendered":"<p>A Prefeitura de Caruaru, por meio da Secretaria de Desenvolvimento Social e Direitos Humanos (SDSDH), orienta benefici\u00e1rios do Benef\u00edcio de Presta\u00e7\u00e3o Continuada (BPC) sobre a necessidade de manter o Cadastro \u00danico para Programas Sociais (Cad\u00danico) atualizado para garantir a continuidade do benef\u00edcio.<\/p>\n<p>O BPC \u00e9 destinado a pessoas idosas a partir de 65 anos e a pessoas com defici\u00eancia em situa\u00e7\u00e3o de vulnerabilidade extrema, cuja renda familiar per capita n\u00e3o ultrapasse um quarto de sal\u00e1rio m\u00ednimo. Esse benef\u00edcio visa apoiar aqueles que, por limita\u00e7\u00f5es provenientes da idade ou incapacidade laborativa, n\u00e3o possuem condi\u00e7\u00f5es de prover o pr\u00f3prio sustento, conforme determina a Lei Org\u00e2nica de Assist\u00eancia Social (LOAS) e o decreto 8.805\/2016.<\/p>\n<p>Os benefici\u00e1rios que n\u00e3o est\u00e3o inscritos no Cad\u00danico ou que n\u00e3o atualizaram seus dados nos \u00faltimos 48 meses devem regularizar a situa\u00e7\u00e3o para evitar o bloqueio do benef\u00edcio. O procedimento inicial \u00e9 ligar para o 135 (n\u00famero do INSS), informando sobre a necessidade de atualiza\u00e7\u00e3o cadastral para desbloqueio do benef\u00edcio. Ap\u00f3s a liga\u00e7\u00e3o, o desbloqueio ser\u00e1 efetivado em at\u00e9 72 horas.<\/p>\n<p>Ap\u00f3s esse per\u00edodo, o benefici\u00e1rio ou respons\u00e1vel familiar tem um prazo de 45 a 90 dias para efetuar a inscri\u00e7\u00e3o ou atualizar os dados no Cad\u00danico. Os benefici\u00e1rios podem realizar a atualiza\u00e7\u00e3o cadastral nos seguintes locais:<\/p>\n<p>\u2022 Posto de Gest\u00e3o do Cadastro \u00danico (SEDE) SDSDH, localizada na <a href=\"https:\/\/www.google.com\/maps\/search\/Pra%C3%A7a+Pedro+de+Souza+N%C2%BA+30?entry=gmail&amp;source=g\" data-saferedirecturl=\"https:\/\/www.google.com\/url?q=https:\/\/www.google.com\/maps\/search\/Pra%25C3%25A7a%2BPedro%2Bde%2BSouza%2BN%25C2%25BA%2B30?entry%3Dgmail%26source%3Dg&amp;source=gmail&amp;ust=1730300668027000&amp;usg=AOvVaw2PwxKT5vL3mzMw-3n7bF4o\" data-removefontsize=\"true\" data-originalcomputedfontsize=\"16\">Pra\u00e7a Pedro de Souza N\u00ba 30<\/a>, Centro.<\/p>\n<p>\u2022 CRAS mais pr\u00f3ximo da resid\u00eancia do benefici\u00e1rio.<br \/>\nSeja seguidor do Instagram do Blog, para comentar.<br \/>\nFoto: Divulga\u00e7\u00e3o\/Secom<\/p>\n","protected":false},"excerpt":{"rendered":"<p>A Prefeitura de Caruaru, por meio da Secretaria de Desenvolvimento Social e Direitos Humanos (SDSDH), orienta benefici\u00e1rios do Benef\u00edcio de&hellip;<\/p>\n","protected":false},"author":1,"featured_media":113489,"comment_status":"closed","ping_status":"open","sticky":false,"template":"","format":"standard","meta":{"footnotes":""},"categories":[14120],"tags":[30592,27410,2,28801],"class_list":["post-113985","post","type-post","status-publish","format-standard","has-post-thumbnail","hentry","category-noticias","tag-blog-com-mais-seguidores","tag-blog-de-caruaru","tag-blog-do-edvaldo-magalhaes","tag-blog-mais-acessado"],"_links":{"self":[{"href":"https:\/\/blogdoedvaldomagalhaes.com.br\/index.php\/wp-json\/wp\/v2\/posts\/113985","targetHints":{"allow":["GET"]}}],"collection":[{"href":"https:\/\/blogdoedvaldomagalhaes.com.br\/index.php\/wp-json\/wp\/v2\/posts"}],"about":[{"href":"https:\/\/blogdoedvaldomagalhaes.com.br\/index.php\/wp-json\/wp\/v2\/types\/post"}],"author":[{"embeddable":true,"href":"https:\/\/blogdoedvaldomagalhaes.com.br\/index.php\/wp-json\/wp\/v2\/users\/1"}],"replies":[{"embeddable":true,"href":"https:\/\/blogdoedvaldomagalhaes.com.br\/index.php\/wp-json\/wp\/v2\/comments?post=113985"}],"version-history":[{"count":1,"href":"https:\/\/blogdoedvaldomagalhaes.com.br\/index.php\/wp-json\/wp\/v2\/posts\/113985\/revisions"}],"predecessor-version":[{"id":113986,"href":"https:\/\/blogdoedvaldomagalhaes.com.br\/index.php\/wp-json\/wp\/v2\/posts\/113985\/revisions\/113986"}],"wp:featuredmedia":[{"embeddable":true,"href":"https:\/\/blogdoedvaldomagalhaes.com.br\/index.php\/wp-json\/wp\/v2\/media\/113489"}],"wp:attachment":[{"href":"https:\/\/blogdoedvaldomagalhaes.com.br\/index.php\/wp-json\/wp\/v2\/media?parent=113985"}],"wp:term":[{"taxonomy":"category","embeddable":true,"href":"https:\/\/blogdoedvaldomagalhaes.com.br\/index.php\/wp-json\/wp\/v2\/categories?post=113985"},{"taxonomy":"post_tag","embeddable":true,"href":"https:\/\/blogdoedvaldomagalhaes.com.br\/index.php\/wp-json\/wp\/v2\/tags?post=113985"}],"curies":[{"name":"wp","href":"https:\/\/api.w.org\/{rel}","templated":true}]}}