{"id":113982,"date":"2024-10-29T13:21:07","date_gmt":"2024-10-29T16:21:07","guid":{"rendered":"https:\/\/blogdoedvaldomagalhaes.com.br\/?p=113982"},"modified":"2024-10-29T13:21:07","modified_gmt":"2024-10-29T16:21:07","slug":"em-portugal-governadora-raquel-lyra-cumpre-agenda-com-o-secretario-de-estado-das-comunidades-portuguesas-jose-cesario-para-fortalecimento-da-relacao-bilateral","status":"publish","type":"post","link":"https:\/\/blogdoedvaldomagalhaes.com.br\/index.php\/2024\/10\/29\/em-portugal-governadora-raquel-lyra-cumpre-agenda-com-o-secretario-de-estado-das-comunidades-portuguesas-jose-cesario-para-fortalecimento-da-relacao-bilateral\/","title":{"rendered":"Em Portugal, governadora Raquel Lyra cumpre agenda com o secret\u00e1rio de Estado das Comunidades Portuguesas, Jos\u00e9 Ces\u00e1rio para fortalecimento da rela\u00e7\u00e3o bilateral"},"content":{"rendered":"<p>Com o objetivo de fortalecer a representa\u00e7\u00e3o diplom\u00e1tica do Governo de Pernambuco, a governadora Raquel Lyra est\u00e1 em Portugal para cumprir miss\u00e3o internacional. Na manh\u00e3 desta ter\u00e7a-feira (29), a gestora esteve reunida com o secret\u00e1rio de Estado das Comunidades Portuguesas, Jos\u00e9 Ces\u00e1rio. O encontro aconteceu no Minist\u00e9rio dos Neg\u00f3cios Estrangeiros de Portugal, localizado em Lisboa. Entre os assuntos tratados estiveram o estreitamento de la\u00e7os diplom\u00e1ticos entre Pernambuco e o pa\u00eds europeu e os potenciais da economia do Estado.<\/p>\n<p>&#8220;Come\u00e7amos a agenda em Portugal com uma importante reuni\u00e3o com o secret\u00e1rio de Estado das Comunidades Portuguesas, Jos\u00e9 Ces\u00e1rio. Agrade\u00e7o toda a receptividade com que tem recebido a mim e a equipe do governo que me acompanha nessa miss\u00e3o. Estamos comprometidos em estreitar ainda mais os la\u00e7os com Portugal e prestar todo apoio aos cidad\u00e3os pernambucanos que aqui vivem&#8221;, destacou Raquel Lyra.<\/p>\n<p>Durante a reuni\u00e3o, ainda foi discutida a eleva\u00e7\u00e3o da posi\u00e7\u00e3o do Vice-Consulado de Portugal em Pernambuco a Consulado Geral, tendo em vista a expressiva comunidade portuguesa que vive no Estado. Tamb\u00e9m foi tema a atra\u00e7\u00e3o de empresas para realizar investimentos em Pernambuco, sobretudo na \u00e1rea da tecnologia da informa\u00e7\u00e3o, incentivada pela instala\u00e7\u00e3o do Porto Digital Europa na cidade de Aveiro.<\/p>\n<p>Fazem parte da comitiva da governadora os secret\u00e1rios estaduais Eduardo Vieira (Gabinete da governadora), Tulio Vila\u00e7a (Casa Civil), Rodolfo Pinto (Comunica\u00e7\u00e3o), Mauric\u00e9lia Montenegro (Ci\u00eancia, Tecnologia e Inova\u00e7\u00e3o), Rayane Aguiar (executiva de Rela\u00e7\u00f5es Internacionais) e o presidente da Ag\u00eancia de Desenvolvimento de Pernambuco (Adepe), Andr\u00e9 Teixeira.<br \/>\nSeja seguidor do Instagram do Blog @blogdoedvaldomagalhaes<br \/>\nFoto: Divulga\u00e7\u00e3o\/ Secom<\/p>\n","protected":false},"excerpt":{"rendered":"<p>Com o objetivo de fortalecer a representa\u00e7\u00e3o diplom\u00e1tica do Governo de Pernambuco, a governadora Raquel Lyra est\u00e1 em Portugal para&hellip;<\/p>\n","protected":false},"author":1,"featured_media":113983,"comment_status":"closed","ping_status":"open","sticky":false,"template":"","format":"standard","meta":{"footnotes":""},"categories":[14122],"tags":[28803,27410,2,28801,32040,20,1229],"class_list":["post-113982","post","type-post","status-publish","format-standard","has-post-thumbnail","hentry","category-politica","tag-blog-com-mais-visualizacoes","tag-blog-de-caruaru","tag-blog-do-edvaldo-magalhaes","tag-blog-mais-acessado","tag-em-portugal-governadora-raquel-lyra-cumpre-agenda-com-o-secretario-de-estado-das-comunidades-portuguesas-jose-cesario-para-fortalecimento-da-relacao-bilateral","tag-politica","tag-raquel-lyra"],"_links":{"self":[{"href":"https:\/\/blogdoedvaldomagalhaes.com.br\/index.php\/wp-json\/wp\/v2\/posts\/113982","targetHints":{"allow":["GET"]}}],"collection":[{"href":"https:\/\/blogdoedvaldomagalhaes.com.br\/index.php\/wp-json\/wp\/v2\/posts"}],"about":[{"href":"https:\/\/blogdoedvaldomagalhaes.com.br\/index.php\/wp-json\/wp\/v2\/types\/post"}],"author":[{"embeddable":true,"href":"https:\/\/blogdoedvaldomagalhaes.com.br\/index.php\/wp-json\/wp\/v2\/users\/1"}],"replies":[{"embeddable":true,"href":"https:\/\/blogdoedvaldomagalhaes.com.br\/index.php\/wp-json\/wp\/v2\/comments?post=113982"}],"version-history":[{"count":1,"href":"https:\/\/blogdoedvaldomagalhaes.com.br\/index.php\/wp-json\/wp\/v2\/posts\/113982\/revisions"}],"predecessor-version":[{"id":113984,"href":"https:\/\/blogdoedvaldomagalhaes.com.br\/index.php\/wp-json\/wp\/v2\/posts\/113982\/revisions\/113984"}],"wp:featuredmedia":[{"embeddable":true,"href":"https:\/\/blogdoedvaldomagalhaes.com.br\/index.php\/wp-json\/wp\/v2\/media\/113983"}],"wp:attachment":[{"href":"https:\/\/blogdoedvaldomagalhaes.com.br\/index.php\/wp-json\/wp\/v2\/media?parent=113982"}],"wp:term":[{"taxonomy":"category","embeddable":true,"href":"https:\/\/blogdoedvaldomagalhaes.com.br\/index.php\/wp-json\/wp\/v2\/categories?post=113982"},{"taxonomy":"post_tag","embeddable":true,"href":"https:\/\/blogdoedvaldomagalhaes.com.br\/index.php\/wp-json\/wp\/v2\/tags?post=113982"}],"curies":[{"name":"wp","href":"https:\/\/api.w.org\/{rel}","templated":true}]}}