{"id":113876,"date":"2024-10-25T07:35:31","date_gmt":"2024-10-25T10:35:31","guid":{"rendered":"https:\/\/blogdoedvaldomagalhaes.com.br\/?p=113876"},"modified":"2024-10-25T07:35:31","modified_gmt":"2024-10-25T10:35:31","slug":"carga-de-r-60-mil-de-fones-de-ouvido-carregadores-e-adaptadores-sem-nota-fiscal-e-retida","status":"publish","type":"post","link":"https:\/\/blogdoedvaldomagalhaes.com.br\/index.php\/2024\/10\/25\/carga-de-r-60-mil-de-fones-de-ouvido-carregadores-e-adaptadores-sem-nota-fiscal-e-retida\/","title":{"rendered":"Carga de R$ 60 mil de fones de ouvido carregadores e adaptadores sem nota fiscal \u00e9 retida"},"content":{"rendered":"<p>Uma carga de eletr\u00f4nicos avaliada em cerca de R$60 mil que era transportada sem a nota fiscal foi retida, na quinta-feira (24), pela Pol\u00edcia Rodovi\u00e1ria Federal (PRF). A mercadoria estava em uma caminhonete abordada na BR 423, em Garanhuns, no Agreste pernambucano.<\/p>\n<p>Durante a abordagem, a equipe do Grupo T\u00e1tico da PRF encontrou diversas caixas no compartimento de carga do ve\u00edculo. Ao todo, eram transportados mil fones de ouvido do tipo &#8220;headset&#8221;, 800 carregadores de celular, 300 adaptadores e 80 aparelhos de karaok\u00ea.<\/p>\n<p>Cerca de 50 minutos depois da abordagem, o motorista apresentou uma nota fiscal eletr\u00f4nica que havia acabado de ser emitida. A medida n\u00e3o surtiu efeito, pois j\u00e1 havia sido configurado o transporte de mercadoria sem nota.<\/p>\n<p>O motorista disse que o patr\u00e3o dele comercializa os produtos em Garanhuns. A Secretaria da Fazenda de Pernambuco (Sefaz-PE) foi acionada, para dar continuidade \u00e0s medidas legais.<br \/>\nSeja seguidor do Instagram do Blog @blogdoedvaldomagalhaes<br \/>\nFoto: Divulga\u00e7\u00e3o\/PRF<\/p>\n","protected":false},"excerpt":{"rendered":"<p>Uma carga de eletr\u00f4nicos avaliada em cerca de R$60 mil que era transportada sem a nota fiscal foi retida, na&hellip;<\/p>\n","protected":false},"author":1,"featured_media":113877,"comment_status":"closed","ping_status":"open","sticky":false,"template":"","format":"standard","meta":{"footnotes":""},"categories":[14121],"tags":[28803,27410,2,28801,32006],"class_list":["post-113876","post","type-post","status-publish","format-standard","has-post-thumbnail","hentry","category-policial","tag-blog-com-mais-visualizacoes","tag-blog-de-caruaru","tag-blog-do-edvaldo-magalhaes","tag-blog-mais-acessado","tag-carga-de-r-60-mil-de-fones-de-ouvido-carregadores-e-adaptadores-sem-nota-fiscal-e-retida"],"_links":{"self":[{"href":"https:\/\/blogdoedvaldomagalhaes.com.br\/index.php\/wp-json\/wp\/v2\/posts\/113876","targetHints":{"allow":["GET"]}}],"collection":[{"href":"https:\/\/blogdoedvaldomagalhaes.com.br\/index.php\/wp-json\/wp\/v2\/posts"}],"about":[{"href":"https:\/\/blogdoedvaldomagalhaes.com.br\/index.php\/wp-json\/wp\/v2\/types\/post"}],"author":[{"embeddable":true,"href":"https:\/\/blogdoedvaldomagalhaes.com.br\/index.php\/wp-json\/wp\/v2\/users\/1"}],"replies":[{"embeddable":true,"href":"https:\/\/blogdoedvaldomagalhaes.com.br\/index.php\/wp-json\/wp\/v2\/comments?post=113876"}],"version-history":[{"count":1,"href":"https:\/\/blogdoedvaldomagalhaes.com.br\/index.php\/wp-json\/wp\/v2\/posts\/113876\/revisions"}],"predecessor-version":[{"id":113878,"href":"https:\/\/blogdoedvaldomagalhaes.com.br\/index.php\/wp-json\/wp\/v2\/posts\/113876\/revisions\/113878"}],"wp:featuredmedia":[{"embeddable":true,"href":"https:\/\/blogdoedvaldomagalhaes.com.br\/index.php\/wp-json\/wp\/v2\/media\/113877"}],"wp:attachment":[{"href":"https:\/\/blogdoedvaldomagalhaes.com.br\/index.php\/wp-json\/wp\/v2\/media?parent=113876"}],"wp:term":[{"taxonomy":"category","embeddable":true,"href":"https:\/\/blogdoedvaldomagalhaes.com.br\/index.php\/wp-json\/wp\/v2\/categories?post=113876"},{"taxonomy":"post_tag","embeddable":true,"href":"https:\/\/blogdoedvaldomagalhaes.com.br\/index.php\/wp-json\/wp\/v2\/tags?post=113876"}],"curies":[{"name":"wp","href":"https:\/\/api.w.org\/{rel}","templated":true}]}}