{"id":113872,"date":"2024-10-24T22:14:28","date_gmt":"2024-10-25T01:14:28","guid":{"rendered":"https:\/\/blogdoedvaldomagalhaes.com.br\/?p=113872"},"modified":"2024-10-24T22:14:28","modified_gmt":"2024-10-25T01:14:28","slug":"governadora-raquel-lyra-comanda-evento-em-homenagem-aos-servidores-estaduais-e-anuncia-que-salarios-serao-pagos-antecipadamente-na-proxima-segunda-feira-28-ponto-facultativo","status":"publish","type":"post","link":"https:\/\/blogdoedvaldomagalhaes.com.br\/index.php\/2024\/10\/24\/governadora-raquel-lyra-comanda-evento-em-homenagem-aos-servidores-estaduais-e-anuncia-que-salarios-serao-pagos-antecipadamente-na-proxima-segunda-feira-28-ponto-facultativo\/","title":{"rendered":"Governadora Raquel Lyra comanda evento em homenagem aos servidores estaduais e anuncia que sal\u00e1rios ser\u00e3o pagos antecipadamente na pr\u00f3xima segunda-feira (28), ponto facultativo"},"content":{"rendered":"<p>Em comemora\u00e7\u00e3o ao Dia do Servidor P\u00fablico (28\/10), a governadora Raquel Lyra comandou uma cerim\u00f4nia de homenagens aos servidores estaduais e anunciou que o pagamento dos sal\u00e1rios deste m\u00eas ser\u00e1 antecipado para o dia 28, pr\u00f3xima segunda-feira, ponto facultativo. O evento, realizado nesta quinta-feira (24), no Centro de Conven\u00e7\u00f5es, em Olinda, tamb\u00e9m contou com a presen\u00e7a da vice-governadora Priscila Krause. Na ocasi\u00e3o, quinze profissionais do Governo de Pernambuco receberam uma placa comemorativa pelos relevantes servi\u00e7os prestados ao Estado.<\/p>\n<p>Durante seu discurso, a chefe do Executivo lembrou as a\u00e7\u00f5es que o Estado tem feito pela valoriza\u00e7\u00e3o da categoria. \u201cEste \u00e9 um momento de homenagear os servidores estaduais pelo trabalho que eles est\u00e3o realizando em cada \u00f3rg\u00e3o e secretaria do Governo de Pernambuco. Nesses \u00faltimos vinte e dois meses n\u00f3s promovemos a valoriza\u00e7\u00e3o desses profissionais, concedemos reajuste salarial para 43 categorias e nomeamos cerca de 8 mil servidores, sendo mais de 5 mil apenas para a educa\u00e7\u00e3o. N\u00f3s temos a oportunidade de transformar a vida dos pernambucanos para melhor e \u00e9 por eles que estamos trabalhando para promover a mudan\u00e7a que nossa popula\u00e7\u00e3o precisa\u201d, destacou Raquel Lyra.<\/p>\n<p>No grupo de 15 homenageados de diversas secretarias e \u00f3rg\u00e3os estava a enfermeira Maria Jos\u00e9 Mesquita. Trabalhando h\u00e1 26 anos no Hospital Geral da Mirueira, no munic\u00edpio de Paulista, ela publicou um livro com hist\u00f3rias que ocorreram na unidade. \u201cO livro era o sonho de uma grande amiga, colega de trabalho, Rosa Carlos, com quem fui co-autora. N\u00f3s vivemos muitas hist\u00f3rias l\u00e1 dentro. Hist\u00f3rias tristes, felizes, de reconstru\u00e7\u00e3o. Ent\u00e3o tivemos a ideia de publicar o livro para que as pessoas tivessem conhecimento de que havia muita vida l\u00e1 dentro, muita luta\u201d, detalhou.<\/p>\n<p>A secret\u00e1ria estadual de Administra\u00e7\u00e3o, Ana Mara\u00edza, afirmou que o trabalho exercido por cada servidor faz a diferen\u00e7a na vida da popula\u00e7\u00e3o pernambucana. \u201cSer servidor p\u00fablico \u00e9 ter uma miss\u00e3o. E temos a felicidade de poder transformar a vida das pessoas com muito trabalho. \u00c9 nisso que acreditamos e \u00e9 assim que a gest\u00e3o tem trabalhado. Para cada a\u00e7\u00e3o, programa e entrega de pol\u00edticas p\u00fablicas, contamos com um time incr\u00edvel que est\u00e1 sendo representado por uma parte dos nossos servidores neste evento\u201d, observou.<\/p>\n<p>Ainda na programa\u00e7\u00e3o do evento estavam uma palestra do jornalista e escritor Caco Barcellos, com o tema \u201cDos Desafios da Atualidade \u00e0 Excel\u00eancia na Gest\u00e3o P\u00fablica\u201d, al\u00e9m de apresenta\u00e7\u00f5es culturais, exposi\u00e7\u00f5es com stands da Secretaria de Desenvolvimento Urbano e Habita\u00e7\u00e3o (Seduh), Companhia Estadual de Habita\u00e7\u00e3o e Obras (Cehab) e Pernambuco Participa\u00e7\u00f5es e Investimentos S\/A (Perpart), com o Programa Morar Bem PE; da Companhia Editora de Pernambuco (Cepe), com pe\u00e7as do Projeto Galeria Reciclada; da Escola de Governo da Administra\u00e7\u00e3o P\u00fablica (Egape), com informa\u00e7\u00f5es sobre cursos promovidos pela institui\u00e7\u00e3o; Corpo de Bombeiros; Empresa de Turismo de Pernambuco (Empetur), com a\u00e7\u00f5es do Prolazer; e Secretaria de Justi\u00e7a e Direitos Humanos, com informa\u00e7\u00f5es sobre o PE Livre acesso, VEM e carteira de identifica\u00e7\u00e3o da pessoa com TEA, entre outros. <\/p>\n<p>Balan\u00e7o \u2013 O Governo do Estado tem implementado diversas a\u00e7\u00f5es para promover a valoriza\u00e7\u00e3o do funcionalismo p\u00fablico estadual, entre elas: reajuste salarial para 43 categorias de servidores p\u00fablicos; nomea\u00e7\u00e3o de mais de 8,3 mil servidores, dos quais mais de 5,9 mil foram para a educa\u00e7\u00e3o; e o pagamento do B\u00f4nus de Desempenho Educacional (BDE) 2024 no valor de R$ 164,4 milh\u00f5es, contemplando mais de 21 mil v\u00ednculos que desempenharam suas fun\u00e7\u00f5es nos processos educacionais e nas metas atingidas. Houve, ainda, a realiza\u00e7\u00e3o de concurso p\u00fablico para sete mil novos profissionais da seguran\u00e7a p\u00fablica. Al\u00e9m de favorecer uma gest\u00e3o mais eficiente, essas iniciativas beneficiam a popula\u00e7\u00e3o por meio de melhores servi\u00e7os p\u00fablicos para lidar com os desafios da atualidade.<\/p>\n<p>Estiveram presentes no evento os secret\u00e1rios estaduais coronel Herc\u00edlio Mamede (Casa Militar), T\u00falio Vila\u00e7a (Casa Civil), Alessandro Carvalho (Defesa Social), Fernando Holanda (Assessoria Especial \u00e0 Governadora e Rela\u00e7\u00f5es Internacionais), Carlos Braga (Assist\u00eancia Social, Combate \u00e0 Fome e Pol\u00edticas sobre Drogas), Mauric\u00e9lia Montenegro (Ci\u00eancia, Tecnologia e Inova\u00e7\u00e3o), Joana Figueiredo (Justi\u00e7a, Direitos Humanos e Preven\u00e7\u00e3o \u00e0 Viol\u00eancia), Juliana Gouveia (interina da Mulher), Cacau de Paula (Cultura), Yane Telles (Crian\u00e7a e Juventude), Zilda Cavalcanti (Sa\u00fade), Amanda Aires (Desenvolvimento Profissional e Empreendedorismo), Mauric\u00e9lia Montenegro (Ci\u00eancia, Tecnologia e Inova\u00e7\u00e3o), Stephanie Pereira (adjunta da Fazenda), \u00c9rika Lacet (Controladoria-Geral) e Bianca Teixeira (Procuradoria Geral). O presidente da CEPE, Jo\u00e3o Baltar Freire, e o secret\u00e1rio-executivo da Defesa Civil, coronel Ramalho, tamb\u00e9m compareceram.<br \/>\nFoto: Jana\u00edna Pepeu\/Secom<br \/>\nSeja seguidor do Instagram do Blog @blogdoedvaldomagalhaes<\/p>\n","protected":false},"excerpt":{"rendered":"<p>Em comemora\u00e7\u00e3o ao Dia do Servidor P\u00fablico (28\/10), a governadora Raquel Lyra comandou uma cerim\u00f4nia de homenagens aos servidores estaduais&hellip;<\/p>\n","protected":false},"author":1,"featured_media":113873,"comment_status":"closed","ping_status":"open","sticky":false,"template":"","format":"standard","meta":{"footnotes":""},"categories":[14120],"tags":[28803,27410,13146,28801,32005,20,20742,1229],"class_list":["post-113872","post","type-post","status-publish","format-standard","has-post-thumbnail","hentry","category-noticias","tag-blog-com-mais-visualizacoes","tag-blog-de-caruaru","tag-blog-edvaldo-magalhaes","tag-blog-mais-acessado","tag-governadora-raquel-lyra-comanda-evento-em-homenagem-aos-servidores-estaduais-e-anuncia-que-salarios-serao-pagos-antecipadamente-na-proxima-segunda-feira-28","tag-politica","tag-ponto-facultativo","tag-raquel-lyra"],"_links":{"self":[{"href":"https:\/\/blogdoedvaldomagalhaes.com.br\/index.php\/wp-json\/wp\/v2\/posts\/113872","targetHints":{"allow":["GET"]}}],"collection":[{"href":"https:\/\/blogdoedvaldomagalhaes.com.br\/index.php\/wp-json\/wp\/v2\/posts"}],"about":[{"href":"https:\/\/blogdoedvaldomagalhaes.com.br\/index.php\/wp-json\/wp\/v2\/types\/post"}],"author":[{"embeddable":true,"href":"https:\/\/blogdoedvaldomagalhaes.com.br\/index.php\/wp-json\/wp\/v2\/users\/1"}],"replies":[{"embeddable":true,"href":"https:\/\/blogdoedvaldomagalhaes.com.br\/index.php\/wp-json\/wp\/v2\/comments?post=113872"}],"version-history":[{"count":1,"href":"https:\/\/blogdoedvaldomagalhaes.com.br\/index.php\/wp-json\/wp\/v2\/posts\/113872\/revisions"}],"predecessor-version":[{"id":113874,"href":"https:\/\/blogdoedvaldomagalhaes.com.br\/index.php\/wp-json\/wp\/v2\/posts\/113872\/revisions\/113874"}],"wp:featuredmedia":[{"embeddable":true,"href":"https:\/\/blogdoedvaldomagalhaes.com.br\/index.php\/wp-json\/wp\/v2\/media\/113873"}],"wp:attachment":[{"href":"https:\/\/blogdoedvaldomagalhaes.com.br\/index.php\/wp-json\/wp\/v2\/media?parent=113872"}],"wp:term":[{"taxonomy":"category","embeddable":true,"href":"https:\/\/blogdoedvaldomagalhaes.com.br\/index.php\/wp-json\/wp\/v2\/categories?post=113872"},{"taxonomy":"post_tag","embeddable":true,"href":"https:\/\/blogdoedvaldomagalhaes.com.br\/index.php\/wp-json\/wp\/v2\/tags?post=113872"}],"curies":[{"name":"wp","href":"https:\/\/api.w.org\/{rel}","templated":true}]}}