{"id":113869,"date":"2024-10-24T22:07:32","date_gmt":"2024-10-25T01:07:32","guid":{"rendered":"https:\/\/blogdoedvaldomagalhaes.com.br\/?p=113869"},"modified":"2024-10-24T22:07:32","modified_gmt":"2024-10-25T01:07:32","slug":"michelle-santos-embarca-na-campanha-de-boulos-a-prefeitura-de-sao-paulo","status":"publish","type":"post","link":"https:\/\/blogdoedvaldomagalhaes.com.br\/index.php\/2024\/10\/24\/michelle-santos-embarca-na-campanha-de-boulos-a-prefeitura-de-sao-paulo\/","title":{"rendered":"Michelle Santos embarca na campanha de Boulos \u00e0 Prefeitura de S\u00e3o Paulo"},"content":{"rendered":"<p>Candidata do PSOL \u00e0 Prefeitura de Caruaru nas elei\u00e7\u00f5es deste ano e atual Secret\u00e1ria de Direitos Humanos do Diret\u00f3rio Estadual do partido, Michelle Santos desembarcou em S\u00e3o Paulo para entrar na campanha de Guilherme Boulos \u00e0 Prefeitura da cidade. O encontro com o candidato aconteceu\u00a0nesta quinta-feira (24) em agenda de campanha com o setor evang\u00e9lico. Michelle viajou compondo uma comitiva do Diret\u00f3rio Estadual do PSOL Pernambuco.<\/p>\n<p>Segundo a Secret\u00e1ria, &#8220;\u00e9 preciso unir todos os esfor\u00e7os poss\u00edveis do partido em torno da campanha em S\u00e3o Paulo. N\u00e3o \u00e9 importante politicamente apenas para n\u00f3s do PSOL, mas sobretudo para o campo da esquerda. Mais importante ainda para o povo de S\u00e3o Paulo, que vem sofrendo com pol\u00edticas neoliberais, que t\u00eam um impacto direto principalmente na vida da popula\u00e7\u00e3o mais pobre&#8221;, denunciou.<\/p>\n<p>Agora lideran\u00e7a consolidada no Agreste pernambucano,\u00a0ap\u00f3s disputar a Prefeitura de Caruaru, Michelle entende que a comitiva do PSOL-PE em S\u00e3o Paulo visa n\u00e3o s\u00f3 fortalecer de forma geral a campanha de Boulos, mas sobretudo de conscientizar a popula\u00e7\u00e3o que tem liga\u00e7\u00f5es com Pernambuco e os demais estados do Nordeste.<\/p>\n<p>&#8220;Nosso povo pernambucano, baiano e de outros estados no Nordeste \u00e9 respons\u00e1vel pela constru\u00e7\u00e3o de S\u00e3o Paulo. N\u00f3s somos uma parte muito importante da hist\u00f3ria dessa cidade. \u00c9 necess\u00e1rio\u00a0delimitarmos que a direita n\u00e3o nos representa. Estaremos todos os dias nas ruas para eleger Boulos prefeito de S\u00e3o Paulo&#8221;, afirmou Michelle.<br \/>\nSeja seguidor do Instagram do Blog @blogdoedvaldomagalhaes<br \/>\nFoto: Divulga\u00e7\u00e3o <\/p>\n","protected":false},"excerpt":{"rendered":"<p>Candidata do PSOL \u00e0 Prefeitura de Caruaru nas elei\u00e7\u00f5es deste ano e atual Secret\u00e1ria de Direitos Humanos do Diret\u00f3rio Estadual&hellip;<\/p>\n","protected":false},"author":1,"featured_media":113870,"comment_status":"closed","ping_status":"open","sticky":false,"template":"","format":"standard","meta":{"footnotes":""},"categories":[14122],"tags":[29440,27410,2,28801,32004,20],"class_list":["post-113869","post","type-post","status-publish","format-standard","has-post-thumbnail","hentry","category-politica","tag-blog-com-mais-visualizacao","tag-blog-de-caruaru","tag-blog-do-edvaldo-magalhaes","tag-blog-mais-acessado","tag-michelle-santos-embarca-na-campanha-de-boulos-a-prefeitura-de-sao-paulo","tag-politica"],"_links":{"self":[{"href":"https:\/\/blogdoedvaldomagalhaes.com.br\/index.php\/wp-json\/wp\/v2\/posts\/113869","targetHints":{"allow":["GET"]}}],"collection":[{"href":"https:\/\/blogdoedvaldomagalhaes.com.br\/index.php\/wp-json\/wp\/v2\/posts"}],"about":[{"href":"https:\/\/blogdoedvaldomagalhaes.com.br\/index.php\/wp-json\/wp\/v2\/types\/post"}],"author":[{"embeddable":true,"href":"https:\/\/blogdoedvaldomagalhaes.com.br\/index.php\/wp-json\/wp\/v2\/users\/1"}],"replies":[{"embeddable":true,"href":"https:\/\/blogdoedvaldomagalhaes.com.br\/index.php\/wp-json\/wp\/v2\/comments?post=113869"}],"version-history":[{"count":1,"href":"https:\/\/blogdoedvaldomagalhaes.com.br\/index.php\/wp-json\/wp\/v2\/posts\/113869\/revisions"}],"predecessor-version":[{"id":113871,"href":"https:\/\/blogdoedvaldomagalhaes.com.br\/index.php\/wp-json\/wp\/v2\/posts\/113869\/revisions\/113871"}],"wp:featuredmedia":[{"embeddable":true,"href":"https:\/\/blogdoedvaldomagalhaes.com.br\/index.php\/wp-json\/wp\/v2\/media\/113870"}],"wp:attachment":[{"href":"https:\/\/blogdoedvaldomagalhaes.com.br\/index.php\/wp-json\/wp\/v2\/media?parent=113869"}],"wp:term":[{"taxonomy":"category","embeddable":true,"href":"https:\/\/blogdoedvaldomagalhaes.com.br\/index.php\/wp-json\/wp\/v2\/categories?post=113869"},{"taxonomy":"post_tag","embeddable":true,"href":"https:\/\/blogdoedvaldomagalhaes.com.br\/index.php\/wp-json\/wp\/v2\/tags?post=113869"}],"curies":[{"name":"wp","href":"https:\/\/api.w.org\/{rel}","templated":true}]}}