{"id":113748,"date":"2024-10-20T14:30:11","date_gmt":"2024-10-20T17:30:11","guid":{"rendered":"https:\/\/blogdoedvaldomagalhaes.com.br\/?p=113748"},"modified":"2024-10-20T14:35:01","modified_gmt":"2024-10-20T17:35:01","slug":"duplo-homicidio-casal-e-assassinado-a-tiros-em-saire","status":"publish","type":"post","link":"https:\/\/blogdoedvaldomagalhaes.com.br\/index.php\/2024\/10\/20\/duplo-homicidio-casal-e-assassinado-a-tiros-em-saire\/","title":{"rendered":"Duplo homic\u00eddio: casal \u00e9 assassinado a tiros em Sair\u00e9"},"content":{"rendered":"<p>Na noite desse s\u00e1bado (19), um duplo homic\u00eddio chocou a cidade de Sair\u00e9, no Agreste de Pernambuco. As v\u00edtimas, identificadas como Gisele Bezerra da Silva, de 29 anos, e Paulo Cesar Nunes da Silva, de 31 anos, foram assassinados com disparos de arma de fogo na testa.<\/p>\n<p>A Pol\u00edcia Militar foi acionada e isolou o local onde os corpos foram encontrados. A Pol\u00edcia Civil tamb\u00e9m esteve presente, acompanhando o trabalho da Instituto de Criminal\u00edstica (IC), que realizou a per\u00edcia no local.<\/p>\n<p>Os corpos das v\u00edtimas foram encaminhados para o Instituto de Medicina Legal (IML) de Caruaru para procedimentos complementares. A Delegacia de Homic\u00eddios j\u00e1 iniciou as primeiras investiga\u00e7\u00f5es para elucidar o caso.<br \/>\nPor jornalista Kalebe Pereira\/Caruaru 24h<br \/>\n<span style=\"font-size: revert;\">Seja seguidor do Instagram do Blog<br \/>\n<\/span>Foto: Reprodu\u00e7\u00e3o\/Redes Sociais.<\/p>\n","protected":false},"excerpt":{"rendered":"<p>Na noite desse s\u00e1bado (19), um duplo homic\u00eddio chocou a cidade de Sair\u00e9, no Agreste de Pernambuco. As v\u00edtimas, identificadas&hellip;<\/p>\n","protected":false},"author":1,"featured_media":113749,"comment_status":"closed","ping_status":"open","sticky":false,"template":"","format":"standard","meta":{"footnotes":""},"categories":[14121],"tags":[30592,2,28801,5448],"class_list":["post-113748","post","type-post","status-publish","format-standard","has-post-thumbnail","hentry","category-policial","tag-blog-com-mais-seguidores","tag-blog-do-edvaldo-magalhaes","tag-blog-mais-acessado","tag-homicidio"],"_links":{"self":[{"href":"https:\/\/blogdoedvaldomagalhaes.com.br\/index.php\/wp-json\/wp\/v2\/posts\/113748","targetHints":{"allow":["GET"]}}],"collection":[{"href":"https:\/\/blogdoedvaldomagalhaes.com.br\/index.php\/wp-json\/wp\/v2\/posts"}],"about":[{"href":"https:\/\/blogdoedvaldomagalhaes.com.br\/index.php\/wp-json\/wp\/v2\/types\/post"}],"author":[{"embeddable":true,"href":"https:\/\/blogdoedvaldomagalhaes.com.br\/index.php\/wp-json\/wp\/v2\/users\/1"}],"replies":[{"embeddable":true,"href":"https:\/\/blogdoedvaldomagalhaes.com.br\/index.php\/wp-json\/wp\/v2\/comments?post=113748"}],"version-history":[{"count":2,"href":"https:\/\/blogdoedvaldomagalhaes.com.br\/index.php\/wp-json\/wp\/v2\/posts\/113748\/revisions"}],"predecessor-version":[{"id":113752,"href":"https:\/\/blogdoedvaldomagalhaes.com.br\/index.php\/wp-json\/wp\/v2\/posts\/113748\/revisions\/113752"}],"wp:featuredmedia":[{"embeddable":true,"href":"https:\/\/blogdoedvaldomagalhaes.com.br\/index.php\/wp-json\/wp\/v2\/media\/113749"}],"wp:attachment":[{"href":"https:\/\/blogdoedvaldomagalhaes.com.br\/index.php\/wp-json\/wp\/v2\/media?parent=113748"}],"wp:term":[{"taxonomy":"category","embeddable":true,"href":"https:\/\/blogdoedvaldomagalhaes.com.br\/index.php\/wp-json\/wp\/v2\/categories?post=113748"},{"taxonomy":"post_tag","embeddable":true,"href":"https:\/\/blogdoedvaldomagalhaes.com.br\/index.php\/wp-json\/wp\/v2\/tags?post=113748"}],"curies":[{"name":"wp","href":"https:\/\/api.w.org\/{rel}","templated":true}]}}