{"id":1137,"date":"2018-10-02T15:37:00","date_gmt":"2018-10-02T18:37:00","guid":{"rendered":"http:\/\/blogdoedvaldomagalhaes.com.br\/index.php\/2018\/10\/02\/diretora-de-arte-da-nova-jerusale\/"},"modified":"2019-02-09T02:33:24","modified_gmt":"2019-02-09T04:33:24","slug":"diretora-de-arte-da-nova-jerusale","status":"publish","type":"post","link":"https:\/\/blogdoedvaldomagalhaes.com.br\/index.php\/2018\/10\/02\/diretora-de-arte-da-nova-jerusale\/","title":{"rendered":"Diretora de arte da Nova Jerusal\u00e9m Marina Pacheco lan\u00e7a cole\u00e7\u00e3o de moda autoral"},"content":{"rendered":"<div class=\"MsoNormal\" style=\"background: white; margin-bottom: 10.0pt; mso-line-height-alt: 12.65pt; text-align: justify;\">\n<div class=\"separator\" style=\"clear: both; text-align: center;\">\n<a href=\"https:\/\/2.bp.blogspot.com\/-5cxyNjl7x2I\/W7OQHA9dQCI\/AAAAAAAA7DI\/wWX9Z4Zd9XkHa9bzqdPCwB4gf26sH97tQCLcBGAs\/s1600\/1.jpg\" imageanchor=\"1\" style=\"margin-left: 1em; margin-right: 1em;\"><img loading=\"lazy\" decoding=\"async\" border=\"0\" data-original-height=\"667\" data-original-width=\"1000\" height=\"426\" src=\"http:\/\/blogdoedvaldomagalhaes.com.br\/wp-content\/uploads\/2018\/10\/1-1.jpg\" width=\"640\" \/><\/a><\/div>\n<p><\/div>\n<div class=\"MsoNormal\" style=\"background: white; margin-bottom: 10.0pt; mso-line-height-alt: 12.65pt; text-align: justify;\">\nA respons\u00e1vel pela dire\u00e7\u00e3o de arte do espet\u00e1culo da Paix\u00e3o de Cristo de<br \/>\nNova Jerusal\u00e9m, Marina Pacheco, que tamb\u00e9m \u00e9 arquiteta e figurinista, al\u00e7a<br \/>\nnovos voos no mundo da moda com o lan\u00e7amento da primeira cole\u00e7\u00e3o de moda<br \/>\nautoral e sustent\u00e1vel da Marina Pacheco Atelier.<\/p>\n<div class=\"separator\" style=\"clear: both; text-align: center;\">\n<a href=\"https:\/\/1.bp.blogspot.com\/-cD1ZHDMvpjQ\/W7OQRveUTvI\/AAAAAAAA7DM\/XNa0jaMNzjAD_2UryijWAXJqUpeMxPpEgCLcBGAs\/s1600\/2.jpg\" imageanchor=\"1\" style=\"margin-left: 1em; margin-right: 1em;\"><img loading=\"lazy\" decoding=\"async\" border=\"0\" data-original-height=\"667\" data-original-width=\"1000\" height=\"426\" src=\"http:\/\/blogdoedvaldomagalhaes.com.br\/wp-content\/uploads\/2018\/10\/2-1.jpg\" width=\"640\" \/><\/a><\/div>\n<\/div>\n<div class=\"MsoNormal\" style=\"background: white; margin-bottom: 10.0pt; mso-line-height-alt: 12.65pt; text-align: justify;\">\nEm seu trabalho de estreia, a marca traz como proposta a produ\u00e7\u00e3o de<br \/>\npe\u00e7as para os p\u00fablicos feminino e masculino com estampas que s\u00e3o pinturas<br \/>\nfeitas \u00e0 m\u00e3o, releituras de obras de mestres pintores que mudaram a vis\u00e3o do<br \/>\nmundo, como Frida Kahlo, Vincent Van Gogh, Salvador Dal\u00ed e Claude Monet. \u201c\u00c9 uma<br \/>\ncole\u00e7\u00e3o inteira de sobre \u201cvestir\u201d obras de arte\u201d, afirma Marina.<\/p>\n<div class=\"separator\" style=\"clear: both; text-align: center;\">\n<a href=\"https:\/\/1.bp.blogspot.com\/-gBaUGhGCttk\/W7OQYi19pCI\/AAAAAAAA7DQ\/w_8fHDQI0F8HKuXGvnnryiwH5aj4jdgygCLcBGAs\/s1600\/3.jpg\" imageanchor=\"1\" style=\"margin-left: 1em; margin-right: 1em;\"><img loading=\"lazy\" decoding=\"async\" border=\"0\" data-original-height=\"1068\" data-original-width=\"1600\" height=\"426\" src=\"http:\/\/blogdoedvaldomagalhaes.com.br\/wp-content\/uploads\/2018\/10\/3.jpg\" width=\"640\" \/><\/a><\/div>\n<\/div>\n<div class=\"MsoNormal\" style=\"background: white; margin-bottom: 10.0pt; mso-line-height-alt: 12.65pt; text-align: justify;\">\nCom foco na sustentabilidade, a grife d\u00e1 prefer\u00eancia a tecidos de fibras<br \/>\nnaturais, de fontes renov\u00e1veis &#8211; como o linho, a seda e o algod\u00e3o. Al\u00e9m disso,<br \/>\ntem como meta produzir moda atemporal visando ao est\u00edmulo do consumo<br \/>\nconsciente. \u201cA ideia \u00e9 contribuir para evitar desperd\u00edcios e diminuir os<br \/>\nres\u00edduos, j\u00e1 que a ind\u00fastria da moda \u00e9 a segunda do Brasil e quinta maior<br \/>\nind\u00fastria poluidora do mundo.&nbsp;&#8220;Queremos gerar conex\u00e3o afetiva entre o<br \/>\nconsumidor e as pe\u00e7as e estimular o reuso\u201d, destaca a figurinista.<\/p>\n<div class=\"separator\" style=\"clear: both; text-align: center;\">\n<a href=\"https:\/\/2.bp.blogspot.com\/-oSZmtnZn2CA\/W7OQfB7BBeI\/AAAAAAAA7DU\/7NFupKypL4UfTUAtLEEhbX35NJzExjdUACLcBGAs\/s1600\/4.jpg\" imageanchor=\"1\" style=\"margin-left: 1em; margin-right: 1em;\"><img loading=\"lazy\" decoding=\"async\" border=\"0\" data-original-height=\"1068\" data-original-width=\"1600\" height=\"426\" src=\"http:\/\/blogdoedvaldomagalhaes.com.br\/wp-content\/uploads\/2018\/10\/4-2.jpg\" width=\"640\" \/><\/a><\/div>\n<\/div>\n<div class=\"MsoNormal\" style=\"background: white; margin-bottom: 10.0pt; mso-line-height-alt: 12.65pt; text-align: justify;\">\nA cole\u00e7\u00e3o da Marina Pacheco Atelier pode ser encontrada na loja Espa\u00e7o<br \/>\nBora,&nbsp;no Shopping Rio Mar, e tamb\u00e9m&nbsp;na Internet, por meio das redes<br \/>\nsociais&nbsp;(@marinapachecoatelier).<\/p>\n<div class=\"separator\" style=\"clear: both; text-align: center;\">\n<a href=\"https:\/\/3.bp.blogspot.com\/-0ccwcIadYiU\/W7OQmB20fsI\/AAAAAAAA7Dc\/T0EjfhPM2iAX1RtayZTHwwncbh9jbT8nQCLcBGAs\/s1600\/MARINA%2BPACHECO%2B04.jpg\" imageanchor=\"1\" style=\"margin-left: 1em; margin-right: 1em;\"><img loading=\"lazy\" decoding=\"async\" border=\"0\" data-original-height=\"667\" data-original-width=\"1000\" height=\"426\" src=\"http:\/\/blogdoedvaldomagalhaes.com.br\/wp-content\/uploads\/2018\/10\/MARINAPACHECO04.jpg\" width=\"640\" \/><\/a><\/div>\n<p><\/div>\n","protected":false},"excerpt":{"rendered":"<p>A respons\u00e1vel pela dire\u00e7\u00e3o de arte do espet\u00e1culo da Paix\u00e3o de Cristo de Nova Jerusal\u00e9m, Marina Pacheco, que tamb\u00e9m \u00e9&hellip;<\/p>\n","protected":false},"author":1,"featured_media":0,"comment_status":"open","ping_status":"open","sticky":false,"template":"","format":"standard","meta":{"footnotes":""},"categories":[1],"tags":[2,1089,6],"class_list":["post-1137","post","type-post","status-publish","format-standard","hentry","category-sem-categoria","tag-blog-do-edvaldo-magalhaes","tag-diretora-de-arte-da-nova-jerusalem-marina-pacheco-lanca-colecao-de-moda-autoral","tag-noticias"],"_links":{"self":[{"href":"https:\/\/blogdoedvaldomagalhaes.com.br\/index.php\/wp-json\/wp\/v2\/posts\/1137","targetHints":{"allow":["GET"]}}],"collection":[{"href":"https:\/\/blogdoedvaldomagalhaes.com.br\/index.php\/wp-json\/wp\/v2\/posts"}],"about":[{"href":"https:\/\/blogdoedvaldomagalhaes.com.br\/index.php\/wp-json\/wp\/v2\/types\/post"}],"author":[{"embeddable":true,"href":"https:\/\/blogdoedvaldomagalhaes.com.br\/index.php\/wp-json\/wp\/v2\/users\/1"}],"replies":[{"embeddable":true,"href":"https:\/\/blogdoedvaldomagalhaes.com.br\/index.php\/wp-json\/wp\/v2\/comments?post=1137"}],"version-history":[{"count":1,"href":"https:\/\/blogdoedvaldomagalhaes.com.br\/index.php\/wp-json\/wp\/v2\/posts\/1137\/revisions"}],"predecessor-version":[{"id":34563,"href":"https:\/\/blogdoedvaldomagalhaes.com.br\/index.php\/wp-json\/wp\/v2\/posts\/1137\/revisions\/34563"}],"wp:attachment":[{"href":"https:\/\/blogdoedvaldomagalhaes.com.br\/index.php\/wp-json\/wp\/v2\/media?parent=1137"}],"wp:term":[{"taxonomy":"category","embeddable":true,"href":"https:\/\/blogdoedvaldomagalhaes.com.br\/index.php\/wp-json\/wp\/v2\/categories?post=1137"},{"taxonomy":"post_tag","embeddable":true,"href":"https:\/\/blogdoedvaldomagalhaes.com.br\/index.php\/wp-json\/wp\/v2\/tags?post=1137"}],"curies":[{"name":"wp","href":"https:\/\/api.w.org\/{rel}","templated":true}]}}