{"id":1135,"date":"2018-10-02T15:45:00","date_gmt":"2018-10-02T18:45:00","guid":{"rendered":"http:\/\/blogdoedvaldomagalhaes.com.br\/index.php\/2018\/10\/02\/5-festival-de-cinema-de-caruaru-abre\/"},"modified":"2019-02-09T02:33:24","modified_gmt":"2019-02-09T04:33:24","slug":"5-festival-de-cinema-de-caruaru-abre","status":"publish","type":"post","link":"https:\/\/blogdoedvaldomagalhaes.com.br\/index.php\/2018\/10\/02\/5-festival-de-cinema-de-caruaru-abre\/","title":{"rendered":"5\u00ba Festival de Cinema de Caruaru abre inscri\u00e7\u00f5es para oficinas"},"content":{"rendered":"<div class=\"separator\" style=\"clear: both; text-align: center;\">\n<a href=\"https:\/\/2.bp.blogspot.com\/-7c-CvFI_owM\/W7OSRPfacsI\/AAAAAAAA7D0\/oL24XHrMR-8zpDQZlC6vJEx0NqIoZZESwCLcBGAs\/s1600\/festival%2B1.png\" imageanchor=\"1\" style=\"margin-left: 1em; margin-right: 1em;\"><img loading=\"lazy\" decoding=\"async\" border=\"0\" data-original-height=\"537\" data-original-width=\"806\" height=\"426\" src=\"http:\/\/blogdoedvaldomagalhaes.com.br\/wp-content\/uploads\/2018\/10\/festival1.jpg\" width=\"640\" \/><\/a><\/div>\n<div class=\"MsoNormal\" style=\"background: white; line-height: normal; margin-bottom: 0.0001pt; text-align: justify;\">\nEst\u00e3o abertas, at\u00e9 o dia 15 de outubro, as inscri\u00e7\u00f5es para as oficinas<br \/>\nda quinta edi\u00e7\u00e3o do Festival de Cinema de Caruaru. Neste ano, os participantes<br \/>\npoder\u00e3o se capacitar nas \u00e1reas de cr\u00edtica cinematogr\u00e1fica, realiza\u00e7\u00e3o de<br \/>\ndocument\u00e1rios, escrita de roteiros, rotoscopia e produ\u00e7\u00e3o audiovisual.&nbsp;<\/div>\n<div class=\"MsoNormal\" style=\"background: white; line-height: normal; margin-bottom: 0.0001pt; text-align: justify;\">\n<\/div>\n<div class=\"MsoNormal\" style=\"background: white; line-height: normal; margin-bottom: 0.0001pt; text-align: justify;\">\nPara se inscrever, \u00e9 preciso preencher o formul\u00e1rio dispon\u00edvel no site<br \/>\ndo evento:&nbsp;<a href=\"http:\/\/www.festivaldecaruaru.com.br\/\" target=\"_blank\">http:\/\/www.festivaldecaruaru.com.br\/<\/a>. Cada<br \/>\npessoa poder\u00e1 escolher at\u00e9 duas op\u00e7\u00f5es. As aulas ser\u00e3o ministradas nos meses de<br \/>\noutubro e novembro.&nbsp;<\/div>\n<div class=\"MsoNormal\" style=\"background: white; line-height: normal; margin-bottom: 0.0001pt; text-align: justify;\">\n<\/div>\n<div class=\"MsoNormal\" style=\"background: white; line-height: normal; margin-bottom: 0.0001pt; text-align: justify;\">\nA oficina &#8220;Produ\u00e7\u00e3o de Loca\u00e7\u00e3o e Set de Filmagem&#8221; ser\u00e1<br \/>\nministrada pela produtora Keila Sena, do Rio Grande do Norte. As aulas<br \/>\nabordar\u00e3o t\u00e9cnicas de pesquisa de loca\u00e7\u00f5es para realiza\u00e7\u00e3o de produtos<br \/>\naudiovisuais, como filmes, seriados e comerciais publicit\u00e1rios.&nbsp;<\/div>\n<div class=\"MsoNormal\" style=\"background: white; line-height: normal; margin-bottom: 0.0001pt; text-align: justify;\">\n<\/div>\n<div class=\"MsoNormal\" style=\"background: white; line-height: normal; margin-bottom: 0.0001pt; text-align: justify;\">\nNesta edi\u00e7\u00e3o, a oficina &#8220;Documentando&#8221;, ministrada pelo<br \/>\ndiretor Marlom Meireles, voltar\u00e1 a fazer parte da programa\u00e7\u00e3o. A capacita\u00e7\u00e3o<br \/>\ncontar\u00e1 com an\u00e1lises de obras cinematogr\u00e1ficas e abordagem sobre t\u00e9cnicas de produ\u00e7\u00e3o.&nbsp;<\/div>\n<div class=\"MsoNormal\" style=\"background: white; line-height: normal; margin-bottom: 0.0001pt; text-align: justify;\">\n<\/div>\n<div class=\"MsoNormal\" style=\"background: white; line-height: normal; margin-bottom: 0.0001pt; text-align: justify;\">\nOutra oficina ofertada ser\u00e1 a de &#8220;Introdu\u00e7\u00e3o \u00e0 Cr\u00edtica<br \/>\nCinematogr\u00e1fica&#8221;, com o ministrante Edvaldo Santos, que \u00e9 o realizador do<br \/>\nFestival. Al\u00e9m de aprenderem sobre as t\u00e9cnicas de an\u00e1lise cr\u00edtica de filmes, os<br \/>\nparticipantes far\u00e3o parte do j\u00fari jovem, que escolher\u00e1 algumas das obras<br \/>\npremiadas no evento.&nbsp;<\/div>\n<div class=\"MsoNormal\" style=\"background: white; line-height: normal; margin-bottom: 0.0001pt; text-align: justify;\">\n<\/div>\n<div class=\"MsoNormal\" style=\"background: white; line-height: normal; margin-bottom: 0.0001pt; text-align: justify;\">\nMinistrada pelo roteirista e professor Homero Mendes, a oficina de<br \/>\nRoteiro abordar\u00e1 os elementos da produ\u00e7\u00e3o cinematogr\u00e1fica, com exerc\u00edcios para<br \/>\nque os alunos possam escrever diversos textos da \u00e1rea, como sinopses, di\u00e1logos<br \/>\ne escaletas.&nbsp;<\/div>\n<div class=\"MsoNormal\" style=\"background: white; line-height: normal; margin-bottom: 0.0001pt; text-align: justify;\">\n<\/div>\n<div class=\"MsoNormal\" style=\"background: white; line-height: normal; margin-bottom: 0.0001pt; text-align: justify;\">\nAl\u00e9m disso, a programa\u00e7\u00e3o tamb\u00e9m conta com a oficina<br \/>\n&#8220;Rotoscopia&#8221;, ministrada pelo design Marcos Buccini, respons\u00e1vel pela<br \/>\nidentidade visual do evento. A t\u00e9cnica ensinada envolve a transforma\u00e7\u00e3o de<br \/>\nfilmagens em anima\u00e7\u00e3o, a partir da realiza\u00e7\u00e3o de ilustra\u00e7\u00f5es.&nbsp;<\/div>\n<div class=\"MsoNormal\" style=\"background: white; line-height: normal; margin-bottom: 0.0001pt; text-align: justify;\">\n<\/div>\n<div class=\"MsoNormal\" style=\"background: white; line-height: normal; margin-bottom: 0.0001pt; text-align: justify;\">\nO resultado dos participantes selecionados ser\u00e1 divulgado no dia 20 de<br \/>\noutubro.&nbsp;<\/div>\n<div class=\"MsoNormal\" style=\"background: white; line-height: normal; margin-bottom: 0.0001pt; text-align: justify;\">\n<\/div>\n<div class=\"MsoNormal\" style=\"background: white; line-height: normal; margin-bottom: 0.0001pt; text-align: justify;\">\n<b>Confira a programa\u00e7\u00e3o das oficinas:&nbsp;<\/b><\/div>\n<div class=\"MsoNormal\" style=\"background: white; line-height: normal; margin-left: 47.25pt; text-align: justify; text-indent: -18pt;\">\n\u00b7&nbsp; <b>Oficina<br \/>\n&#8220;Introdu\u00e7\u00e3o \u00e0 Cr\u00edtica Cinematogr\u00e1fica&#8221;&nbsp;<\/b><\/div>\n<div class=\"MsoNormal\" style=\"background: white; line-height: normal; margin-bottom: 0.0001pt; text-align: justify;\">\n<b>Ministrante:&nbsp;<\/b>Edvaldo Santos&nbsp;<\/div>\n<div class=\"MsoNormal\" style=\"background: white; line-height: normal; margin-bottom: 0.0001pt; text-align: justify;\">\n<b>Data:<\/b>&nbsp;29 de outubro a 1 de novembro&nbsp;<\/div>\n<div class=\"MsoNormal\" style=\"background: white; line-height: normal; margin-bottom: 0.0001pt; text-align: justify;\">\n<b>Hor\u00e1rio:&nbsp;<\/b>14h \u00e0s 18h&nbsp;<\/div>\n<div class=\"MsoNormal\" style=\"background: white; line-height: normal; margin-bottom: 0.0001pt; text-align: justify;\">\n<b>Local:&nbsp;<\/b>Sindicato dos Empregados do Com\u00e9rcio de Caruaru (SINDECC)&nbsp;<\/div>\n<div class=\"MsoNormal\" style=\"background: white; line-height: normal; margin-left: 47.25pt; text-align: justify; text-indent: -18pt;\">\n\u00b7&nbsp; <b>Oficina<br \/>\n&#8220;Produ\u00e7\u00e3o de Loca\u00e7\u00e3o e Set de Filmagem&#8221;&nbsp;<\/b><\/div>\n<div class=\"MsoNormal\" style=\"background: white; line-height: normal; margin-bottom: 0.0001pt; text-align: justify;\">\n<b>Ministrante:&nbsp;<\/b>Keila Sena<\/div>\n<div class=\"MsoNormal\" style=\"background: white; line-height: normal; margin-bottom: 0.0001pt; text-align: justify;\">\n<b>Data:&nbsp;<\/b>6 a 8 de novembro&nbsp;<\/div>\n<div class=\"MsoNormal\" style=\"background: white; line-height: normal; margin-bottom: 0.0001pt; text-align: justify;\">\n<b>Hor\u00e1rio:&nbsp;<\/b>14h \u00e0s 18h&nbsp;<\/div>\n<div class=\"MsoNormal\" style=\"background: white; line-height: normal; margin-bottom: 0.0001pt; text-align: justify;\">\n<b>Local:&nbsp;<\/b>Hotel Center Plaza&nbsp;<\/div>\n<div class=\"MsoNormal\" style=\"background: white; line-height: normal; margin-left: 47.25pt; text-align: justify; text-indent: -18pt;\">\n\u00b7&nbsp; <b>Oficina de<br \/>\nRotoscopia&nbsp;<\/b><\/div>\n<div class=\"MsoNormal\" style=\"background: white; line-height: normal; margin-bottom: 0.0001pt; text-align: justify;\">\n<b>Ministrante:&nbsp;<\/b>Marcos Buccini&nbsp;<\/div>\n<div class=\"MsoNormal\" style=\"background: white; line-height: normal; margin-bottom: 0.0001pt; text-align: justify;\">\n<b>Data:&nbsp;<\/b>9 e 10 de novembro&nbsp;<\/div>\n<div class=\"MsoNormal\" style=\"background: white; line-height: normal; margin-bottom: 0.0001pt; text-align: justify;\">\n<b>Hor\u00e1rio:&nbsp;<\/b>8h \u00e0s 12h e 13h \u00e0s 18h&nbsp;<\/div>\n<div class=\"MsoNormal\" style=\"background: white; line-height: normal; margin-bottom: 0.0001pt; text-align: justify;\">\n<b>Local:&nbsp;<\/b>EREM Professor Lisboa<\/div>\n<div class=\"MsoNormal\" style=\"background: white; line-height: normal; margin-left: 47.25pt; text-align: justify; text-indent: -18pt;\">\n\u00b7&nbsp; <b>Oficina<br \/>\n&#8220;Documentando&#8221;&nbsp;<\/b><\/div>\n<div class=\"MsoNormal\" style=\"background: white; line-height: normal; margin-bottom: 0.0001pt; text-align: justify;\">\n<b>Ministrante:&nbsp;<\/b>Marlom Meireles&nbsp;<\/div>\n<div class=\"MsoNormal\" style=\"background: white; line-height: normal; margin-bottom: 0.0001pt; text-align: justify;\">\n<b>Data:&nbsp;<\/b>11 a 16 de novembro&nbsp;<\/div>\n<div class=\"MsoNormal\" style=\"background: white; line-height: normal; margin-bottom: 0.0001pt; text-align: justify;\">\n<b>Hor\u00e1rio:&nbsp;<\/b>13h \u00e0s 17h&nbsp;<\/div>\n<div class=\"MsoNormal\" style=\"background: white; line-height: normal; margin-bottom: 0.0001pt; text-align: justify;\">\n<b>Local:&nbsp;<\/b>Teatro Difusora&nbsp;<\/div>\n<div class=\"MsoNormal\" style=\"background: white; line-height: normal; margin-left: 47.25pt; text-align: justify; text-indent: -18pt;\">\n\u00b7&nbsp; <b>Oficina de<br \/>\nRoteiro&nbsp;<\/b><\/div>\n<div class=\"MsoNormal\" style=\"background: white; line-height: normal; margin-bottom: 0.0001pt; text-align: justify;\">\n<b>Ministrante:<\/b>&nbsp;Homero Mendes&nbsp;<\/div>\n<div class=\"MsoNormal\" style=\"background: white; line-height: normal; margin-bottom: 0.0001pt; text-align: justify;\">\n<b>Data:&nbsp;<\/b>12 a 16 de novembro&nbsp;<\/div>\n<div class=\"MsoNormal\" style=\"background: white; line-height: normal; margin-bottom: 0.0001pt; text-align: justify;\">\n<b>Hor\u00e1rio:&nbsp;<\/b>13h \u00e0s 17h&nbsp;<\/div>\n<div class=\"MsoNormal\" style=\"background: white; line-height: normal; margin-bottom: 0.0001pt; text-align: justify;\">\n<b>Local:<\/b>&nbsp;Hotel Center Plaza&nbsp;<\/div>\n<div class=\"MsoNormal\" style=\"text-align: justify;\">\n<\/div>\n<div style=\"text-align: justify;\">\n<\/div>\n","protected":false},"excerpt":{"rendered":"<p>Est\u00e3o abertas, at\u00e9 o dia 15 de outubro, as inscri\u00e7\u00f5es para as oficinas da quinta edi\u00e7\u00e3o do Festival de Cinema&hellip;<\/p>\n","protected":false},"author":1,"featured_media":0,"comment_status":"open","ping_status":"open","sticky":false,"template":"","format":"standard","meta":{"footnotes":""},"categories":[1],"tags":[1087,2,6],"class_list":["post-1135","post","type-post","status-publish","format-standard","hentry","category-sem-categoria","tag-5o-festival-de-cinema-de-caruaru-abre-inscricoes-para-oficinas","tag-blog-do-edvaldo-magalhaes","tag-noticias"],"_links":{"self":[{"href":"https:\/\/blogdoedvaldomagalhaes.com.br\/index.php\/wp-json\/wp\/v2\/posts\/1135","targetHints":{"allow":["GET"]}}],"collection":[{"href":"https:\/\/blogdoedvaldomagalhaes.com.br\/index.php\/wp-json\/wp\/v2\/posts"}],"about":[{"href":"https:\/\/blogdoedvaldomagalhaes.com.br\/index.php\/wp-json\/wp\/v2\/types\/post"}],"author":[{"embeddable":true,"href":"https:\/\/blogdoedvaldomagalhaes.com.br\/index.php\/wp-json\/wp\/v2\/users\/1"}],"replies":[{"embeddable":true,"href":"https:\/\/blogdoedvaldomagalhaes.com.br\/index.php\/wp-json\/wp\/v2\/comments?post=1135"}],"version-history":[{"count":1,"href":"https:\/\/blogdoedvaldomagalhaes.com.br\/index.php\/wp-json\/wp\/v2\/posts\/1135\/revisions"}],"predecessor-version":[{"id":34567,"href":"https:\/\/blogdoedvaldomagalhaes.com.br\/index.php\/wp-json\/wp\/v2\/posts\/1135\/revisions\/34567"}],"wp:attachment":[{"href":"https:\/\/blogdoedvaldomagalhaes.com.br\/index.php\/wp-json\/wp\/v2\/media?parent=1135"}],"wp:term":[{"taxonomy":"category","embeddable":true,"href":"https:\/\/blogdoedvaldomagalhaes.com.br\/index.php\/wp-json\/wp\/v2\/categories?post=1135"},{"taxonomy":"post_tag","embeddable":true,"href":"https:\/\/blogdoedvaldomagalhaes.com.br\/index.php\/wp-json\/wp\/v2\/tags?post=1135"}],"curies":[{"name":"wp","href":"https:\/\/api.w.org\/{rel}","templated":true}]}}