{"id":1134,"date":"2018-10-02T20:27:00","date_gmt":"2018-10-02T23:27:00","guid":{"rendered":"http:\/\/blogdoedvaldomagalhaes.com.br\/index.php\/2018\/10\/02\/ctevo-promove-atividade-alusiva-ao\/"},"modified":"2019-02-09T02:33:25","modified_gmt":"2019-02-09T04:33:25","slug":"ctevo-promove-atividade-alusiva-ao","status":"publish","type":"post","link":"https:\/\/blogdoedvaldomagalhaes.com.br\/index.php\/2018\/10\/02\/ctevo-promove-atividade-alusiva-ao\/","title":{"rendered":"CTEVO promove atividade alusiva ao primeiro ano da Lei Nascer Bem Caruaru"},"content":{"rendered":"<div class=\"separator\" style=\"clear: both; text-align: center;\">\n<a href=\"https:\/\/4.bp.blogspot.com\/-mE-pWVOGmuo\/W7PUMARbG3I\/AAAAAAAA7EM\/4Lij-Bjf9tEtg7YpZT9YmggRFI_VAnA1wCLcBGAs\/s1600\/1.jpeg\" imageanchor=\"1\" style=\"margin-left: 1em; margin-right: 1em;\"><img loading=\"lazy\" decoding=\"async\" border=\"0\" data-original-height=\"960\" data-original-width=\"1280\" height=\"480\" src=\"http:\/\/blogdoedvaldomagalhaes.com.br\/wp-content\/uploads\/2018\/10\/1.jpeg\" width=\"640\" \/><\/a><\/div>\n<div class=\"separator\" style=\"clear: both; text-align: center;\">\nFotos: Divulga\u00e7\u00e3o<\/div>\n<p><\/p>\n<div style=\"text-align: justify;\">\nNesta ter\u00e7a-feira (02), a Lei Nascer Bem Caruaru (Lei n\u00ba 5.951), sancionada em dois de outubro de 2017, completa um ano. Norma de iniciativa popular, que foi encaminhada pela prefeita do munic\u00edpio, Raquel Lyra, e aprovada pela C\u00e2mara Municipal, a lei \u00e9 o tema de uma esquete teatral produzida pela Oficina Terap\u00eautica de Teatro para Mulher &#8211; OTTM, da Secretaria de Pol\u00edticas para Mulheres de Caruaru (SPM), que ser\u00e1 levada durante esta semana para unidades de sa\u00fade da cidade. O intuito \u00e9 fazer a divulga\u00e7\u00e3o junto \u00e0s mulheres gestantes que acessam os servi\u00e7os de sa\u00fade.<\/div>\n<div style=\"text-align: justify;\">\n<\/div>\n<div class=\"separator\" style=\"clear: both; text-align: center;\">\n<a href=\"https:\/\/3.bp.blogspot.com\/-lQ_HBWoI-kQ\/W7PUhGFyciI\/AAAAAAAA7EU\/fswdNOWMMJsQ90nRuJQwz4WSjhL6KvdIACLcBGAs\/s1600\/2.jpeg\" imageanchor=\"1\" style=\"margin-left: 1em; margin-right: 1em;\"><img loading=\"lazy\" decoding=\"async\" border=\"0\" data-original-height=\"960\" data-original-width=\"1280\" height=\"480\" src=\"http:\/\/blogdoedvaldomagalhaes.com.br\/wp-content\/uploads\/2018\/10\/2.jpeg\" width=\"640\" \/><\/a><\/div>\n<div style=\"text-align: justify;\">\n<\/div>\n<div style=\"text-align: justify;\">\nA primeira a\u00e7\u00e3o foi realizada na manh\u00e3 desta ter\u00e7a-feira (02), no Hospital Regional Jesus Nazareno (Fusam). A apresenta\u00e7\u00e3o teatral foi seguida da fala da componente da C\u00e2mara T\u00e9cnica de Enfrentamento \u00e0 Viol\u00eancia Obst\u00e9trica de Caruaru &#8211; CTEVO, Analice Bezerra, assistente social da Secretaria de Desenvolvimento Social e Direitos Humanos, que junto com as secretarias de Sa\u00fade e SPM, representam a Prefeitura de Caruaru nessa C\u00e2mara. Institui\u00e7\u00f5es de Ensino Superior &#8211; IES, conselhos profissionais de classe, movimentos sociais, assim como a Unimed e OAB tamb\u00e9m integram essa composi\u00e7\u00e3o.<\/div>\n<div style=\"text-align: justify;\">\n<\/div>\n<div class=\"separator\" style=\"clear: both; text-align: center;\">\n<a href=\"https:\/\/2.bp.blogspot.com\/-gTvHl9pSvk0\/W7PUnAKX2dI\/AAAAAAAA7EY\/DEjW0ehuesgPo9TVujkbZwxEdCAMp5OrQCLcBGAs\/s1600\/3.jpeg\" imageanchor=\"1\" style=\"margin-left: 1em; margin-right: 1em;\"><img loading=\"lazy\" decoding=\"async\" border=\"0\" data-original-height=\"960\" data-original-width=\"1280\" height=\"480\" src=\"http:\/\/blogdoedvaldomagalhaes.com.br\/wp-content\/uploads\/2018\/10\/3.jpeg\" width=\"640\" \/><\/a><\/div>\n<div style=\"text-align: justify;\">\n<\/div>\n<div style=\"text-align: justify;\">\n\u201cO nosso foco \u00e9 empoderar e informar para que as mulheres tenham conhecimento de que a lei existe, assim como os mecanismos de den\u00fancia. A gente sente que agora que lei entrou em vigor, s\u00e3o as pr\u00f3pria mulheres que est\u00e3o come\u00e7ando a preparar seus planos de parto, indo para as maternidades mais empoderadas, impactando a assist\u00eancia ao parto de Caruaru\u201d, ressaltou Analice. \u201cO desafio \u00e9 divulgar ainda mais a CTEVO para mostrar \u00e0s mulheres gestantes que existe esse canal de apoio, orienta\u00e7\u00e3o e den\u00fancia em Caruaru, que elas podem contar, sempre que precisarem\u201d, destacou a secret\u00e1ria da SPM, Juliana Gouveia.<\/div>\n<div style=\"text-align: justify;\">\n<\/div>\n<div style=\"text-align: justify;\">\nA a\u00e7\u00e3o tem o intuito de ressaltar a import\u00e2ncia da lei que garante os direitos das gestantes e ir\u00e1 percorrer diversos locais. Na quarta-feira (03) ser\u00e1 a vez do CRAS Centen\u00e1rio, na quinta-feira (04), a USF do bairro S\u00e3o Jo\u00e3o da Esc\u00f3cia, e por \u00faltimo, o Hospital Municipal Casa de Sa\u00fade Bom Jesus, na sexta-feira (05). O hor\u00e1rio ser\u00e1 sempre \u00e0s 08h30.<\/div>\n<div style=\"text-align: justify;\">\n<\/div>\n<div style=\"text-align: justify;\">\n<\/div>\n<div class=\"separator\" style=\"clear: both; text-align: center;\">\n<a href=\"https:\/\/4.bp.blogspot.com\/-_e61nXEvuYI\/W7PUrlls0hI\/AAAAAAAA7Ec\/uG11SrEJto8cYAHQLQo7bYc62ohvJmk0gCLcBGAs\/s1600\/4.jpeg\" imageanchor=\"1\" style=\"margin-left: 1em; margin-right: 1em;\"><img loading=\"lazy\" decoding=\"async\" border=\"0\" data-original-height=\"960\" data-original-width=\"1280\" height=\"480\" src=\"http:\/\/blogdoedvaldomagalhaes.com.br\/wp-content\/uploads\/2018\/10\/4.jpeg\" width=\"640\" \/><\/a><\/div>\n<p><\/p>\n<div style=\"text-align: justify;\">\n<\/div>\n<div style=\"text-align: justify;\">\nA viol\u00eancia obst\u00e9trica deve ser denunciada<\/div>\n<div style=\"text-align: justify;\">\n<\/div>\n<div style=\"text-align: justify;\">\nA CTEVO tem papel fundamental na garantia dos direitos da Lei Nascer Bem Caruaru, j\u00e1 que atua com o objetivo de assegurar a toda gestante do munic\u00edpio, seu devido cumprimento, garantindo o direito \u00e0 assist\u00eancia humanizada durante a gesta\u00e7\u00e3o, pr\u00e9-parto, parto e puerp\u00e9rio, incluindo o abortamento espont\u00e2neo ou provocado na rede de atendimento do Sistema \u00danico de Sa\u00fade (SUS) e em estabelecimentos privados de sa\u00fade suplementar.<\/div>\n<div style=\"text-align: justify;\">\n<\/div>\n<div style=\"text-align: justify;\">\nAs den\u00fancias de viol\u00eancia obst\u00e9trica podem ser feitas atrav\u00e9s dos telefones 3719-4545 (Disque Den\u00fancia), pelo canal da Ouvidoria Geral de Caruaru, no n\u00famero 156, pela Ouvidoria Municipal de Sa\u00fade, no 0800 281 2080 ou mesmo atrav\u00e9s do telefone da SPM, o 3724 8600. A CTEVO fica localizada no mesmo pr\u00e9dio da SPM, na Rua Padre Rolim, 40, bairro Maur\u00edcio de Nassau, em Caruaru.<\/div>\n<div style=\"text-align: justify;\">\n<\/div>\n","protected":false},"excerpt":{"rendered":"<p>Fotos: Divulga\u00e7\u00e3o Nesta ter\u00e7a-feira (02), a Lei Nascer Bem Caruaru (Lei n\u00ba 5.951), sancionada em dois de outubro de 2017,&hellip;<\/p>\n","protected":false},"author":1,"featured_media":0,"comment_status":"open","ping_status":"open","sticky":false,"template":"","format":"standard","meta":{"footnotes":""},"categories":[1],"tags":[2,1086,6],"class_list":["post-1134","post","type-post","status-publish","format-standard","hentry","category-sem-categoria","tag-blog-do-edvaldo-magalhaes","tag-ctevo-promove-atividade-alusiva-ao-primeiro-ano-da-lei-nascer-bem-caruaru","tag-noticias"],"_links":{"self":[{"href":"https:\/\/blogdoedvaldomagalhaes.com.br\/index.php\/wp-json\/wp\/v2\/posts\/1134","targetHints":{"allow":["GET"]}}],"collection":[{"href":"https:\/\/blogdoedvaldomagalhaes.com.br\/index.php\/wp-json\/wp\/v2\/posts"}],"about":[{"href":"https:\/\/blogdoedvaldomagalhaes.com.br\/index.php\/wp-json\/wp\/v2\/types\/post"}],"author":[{"embeddable":true,"href":"https:\/\/blogdoedvaldomagalhaes.com.br\/index.php\/wp-json\/wp\/v2\/users\/1"}],"replies":[{"embeddable":true,"href":"https:\/\/blogdoedvaldomagalhaes.com.br\/index.php\/wp-json\/wp\/v2\/comments?post=1134"}],"version-history":[{"count":1,"href":"https:\/\/blogdoedvaldomagalhaes.com.br\/index.php\/wp-json\/wp\/v2\/posts\/1134\/revisions"}],"predecessor-version":[{"id":34572,"href":"https:\/\/blogdoedvaldomagalhaes.com.br\/index.php\/wp-json\/wp\/v2\/posts\/1134\/revisions\/34572"}],"wp:attachment":[{"href":"https:\/\/blogdoedvaldomagalhaes.com.br\/index.php\/wp-json\/wp\/v2\/media?parent=1134"}],"wp:term":[{"taxonomy":"category","embeddable":true,"href":"https:\/\/blogdoedvaldomagalhaes.com.br\/index.php\/wp-json\/wp\/v2\/categories?post=1134"},{"taxonomy":"post_tag","embeddable":true,"href":"https:\/\/blogdoedvaldomagalhaes.com.br\/index.php\/wp-json\/wp\/v2\/tags?post=1134"}],"curies":[{"name":"wp","href":"https:\/\/api.w.org\/{rel}","templated":true}]}}