{"id":1133,"date":"2018-10-02T20:35:00","date_gmt":"2018-10-02T23:35:00","guid":{"rendered":"http:\/\/blogdoedvaldomagalhaes.com.br\/index.php\/2018\/10\/02\/xvii-jogos-escolares-municipais\/"},"modified":"2019-02-09T02:33:27","modified_gmt":"2019-02-09T04:33:27","slug":"xvii-jogos-escolares-municipais","status":"publish","type":"post","link":"https:\/\/blogdoedvaldomagalhaes.com.br\/index.php\/2018\/10\/02\/xvii-jogos-escolares-municipais\/","title":{"rendered":"XVII Jogos Escolares Municipais terminam em Caruaru"},"content":{"rendered":"<div class=\"separator\" style=\"clear: both; text-align: center;\">\n<a href=\"https:\/\/3.bp.blogspot.com\/--wBHcJoflzo\/W7PV6BhqHOI\/AAAAAAAA7Ew\/W_klKjCztIAjbKPKGNk7OoHe4lqQR4xkACLcBGAs\/s1600\/05.jpg\" imageanchor=\"1\" style=\"margin-left: 1em; margin-right: 1em;\"><img loading=\"lazy\" decoding=\"async\" border=\"0\" data-original-height=\"1067\" data-original-width=\"1600\" height=\"426\" src=\"http:\/\/blogdoedvaldomagalhaes.com.br\/wp-content\/uploads\/2018\/10\/05.jpg\" width=\"640\" \/><\/a><\/div>\n<div class=\"MsoNormal\" style=\"line-height: 14.65pt; margin: 0cm 14.1pt 0.0001pt 0cm; text-align: center;\">\nCr\u00e9ditos das fotos: Jana\u00edna Pepeu<\/div>\n<div style=\"text-align: center;\">\n<\/div>\n<div style=\"text-align: justify;\">\nNesta segunda-feira (1\u00ba), foi a vez dos atletas do voleibol disputarem, no Gin\u00e1sio Municipal, as finais dos XVII Jogos Escolares Municipais de Caruaru. Com a modalidade, chega ao final mais uma edi\u00e7\u00e3o do evento considerado a maior e mais democr\u00e1tica competi\u00e7\u00e3o esportiva do interior de Pernambuco, que re\u00fane institui\u00e7\u00f5es de ensino das redes federal, estadual, municipal e particular de Caruaru. O resultado geral ser\u00e1 divulgado na cerim\u00f4nia de encerramento nesta quarta-feira (03), \u00e0s 19h, na Escola Municipal Laura Flor\u00eancio.<\/div>\n<div style=\"text-align: justify;\">\n<\/div>\n<div class=\"separator\" style=\"clear: both; text-align: center;\">\n<a href=\"https:\/\/2.bp.blogspot.com\/-NcEIMFqjiIU\/W7PWGet1F7I\/AAAAAAAA7E0\/RDmajLK81Moz8Qi_0uxJV1Q9vjYywtZcQCLcBGAs\/s1600\/02.jpg\" imageanchor=\"1\" style=\"margin-left: 1em; margin-right: 1em;\"><img loading=\"lazy\" decoding=\"async\" border=\"0\" data-original-height=\"946\" data-original-width=\"1422\" height=\"424\" src=\"http:\/\/blogdoedvaldomagalhaes.com.br\/wp-content\/uploads\/2018\/10\/02.jpg\" width=\"640\" \/><\/a><\/div>\n<div style=\"text-align: justify;\">\n<\/div>\n<div style=\"text-align: justify;\">\nNa \u00faltima semana de setembro, os estudantes competiram pelo v\u00f4lei de praia, na AABB, e tamb\u00e9m pelo atletismo, basquete, futebol, voleibol e handebol, no Col\u00e9gio Municipal \u00c1lvaro Lins. Os embates agitaram as torcidas que compareceram nas arquibancadas e o clima nost\u00e1lgico das edi\u00e7\u00f5es anteriores voltaram mais uma vez nesta, que superou em n\u00fameros do ano passado. Foram mais de 5000 atletas inscritos de mais de 80 institui\u00e7\u00f5es de ensino participantes. Em 2017 foram mais de 4.000 alunos de 69 institui\u00e7\u00f5es. Os alunos do Ensino Fundamental I (do 1\u00b0 ao 5\u00b0 ano) tamb\u00e9m tiveram a oportunidade iniciar na pr\u00e1tica esportiva com a realiza\u00e7\u00e3o dos Festivais Esportivos.<\/div>\n<div style=\"text-align: justify;\">\n<\/div>\n<div class=\"separator\" style=\"clear: both; text-align: center;\">\n<a href=\"https:\/\/2.bp.blogspot.com\/-9IJc7_i7Yk0\/W7PWOwwwmgI\/AAAAAAAA7E8\/SAuUt3pNBCQ7yrVZsgJjNiXcf4-kbXeTgCLcBGAs\/s1600\/04.jpg\" imageanchor=\"1\" style=\"margin-left: 1em; margin-right: 1em;\"><img loading=\"lazy\" decoding=\"async\" border=\"0\" data-original-height=\"946\" data-original-width=\"1422\" height=\"424\" src=\"http:\/\/blogdoedvaldomagalhaes.com.br\/wp-content\/uploads\/2018\/10\/04.jpg\" width=\"640\" \/><\/a><\/div>\n<div style=\"text-align: justify;\">\n<\/div>\n<div style=\"text-align: justify;\">\nAs competi\u00e7\u00f5es iniciaram no dia 25 de agosto e aconteceram em 14 modalidades, nas categorias pr\u00e9-mirim, mirim, infantil e juvenil, no feminino e masculino. Os atletas entraram nas disputas de futsal, futebol de campo, voleibol, v\u00f4lei de praia, handebol, basquetebol, nata\u00e7\u00e3o, atletismo, jud\u00f4, karate, xadrez, t\u00eanis de mesa, badminton e bocha paral\u00edmpica. O evento teve a realiza\u00e7\u00e3o da Prefeitura de Caruaru, atrav\u00e9s das secretarias de Educa\u00e7\u00e3o e de Desenvolvimento Social e Direitos Humanos, por meio da Ger\u00eancia de Esportes e Lazer.<\/div>\n<div style=\"text-align: justify;\">\n<\/div>\n<div class=\"separator\" style=\"clear: both; text-align: center;\">\n<a href=\"https:\/\/4.bp.blogspot.com\/-WJhdxwxn1_w\/W7PWZDK9cXI\/AAAAAAAA7FE\/zh9Hb-u7XUgaS2CtUYUzZ_qmWzucEPPiACLcBGAs\/s1600\/07.jpg\" imageanchor=\"1\" style=\"margin-left: 1em; margin-right: 1em;\"><img loading=\"lazy\" decoding=\"async\" border=\"0\" data-original-height=\"1065\" data-original-width=\"1600\" height=\"424\" src=\"http:\/\/blogdoedvaldomagalhaes.com.br\/wp-content\/uploads\/2018\/10\/07.jpg\" width=\"640\" \/><\/a><\/div>\n<div style=\"text-align: justify;\">\n<\/div>\n<p><\/p>\n","protected":false},"excerpt":{"rendered":"<p>Cr\u00e9ditos das fotos: Jana\u00edna Pepeu Nesta segunda-feira (1\u00ba), foi a vez dos atletas do voleibol disputarem, no Gin\u00e1sio Municipal, as&hellip;<\/p>\n","protected":false},"author":1,"featured_media":0,"comment_status":"open","ping_status":"open","sticky":false,"template":"","format":"standard","meta":{"footnotes":""},"categories":[1],"tags":[2,6,1085],"class_list":["post-1133","post","type-post","status-publish","format-standard","hentry","category-sem-categoria","tag-blog-do-edvaldo-magalhaes","tag-noticias","tag-xvii-jogos-escolares-municipais-terminam-em-caruaru"],"_links":{"self":[{"href":"https:\/\/blogdoedvaldomagalhaes.com.br\/index.php\/wp-json\/wp\/v2\/posts\/1133","targetHints":{"allow":["GET"]}}],"collection":[{"href":"https:\/\/blogdoedvaldomagalhaes.com.br\/index.php\/wp-json\/wp\/v2\/posts"}],"about":[{"href":"https:\/\/blogdoedvaldomagalhaes.com.br\/index.php\/wp-json\/wp\/v2\/types\/post"}],"author":[{"embeddable":true,"href":"https:\/\/blogdoedvaldomagalhaes.com.br\/index.php\/wp-json\/wp\/v2\/users\/1"}],"replies":[{"embeddable":true,"href":"https:\/\/blogdoedvaldomagalhaes.com.br\/index.php\/wp-json\/wp\/v2\/comments?post=1133"}],"version-history":[{"count":1,"href":"https:\/\/blogdoedvaldomagalhaes.com.br\/index.php\/wp-json\/wp\/v2\/posts\/1133\/revisions"}],"predecessor-version":[{"id":34577,"href":"https:\/\/blogdoedvaldomagalhaes.com.br\/index.php\/wp-json\/wp\/v2\/posts\/1133\/revisions\/34577"}],"wp:attachment":[{"href":"https:\/\/blogdoedvaldomagalhaes.com.br\/index.php\/wp-json\/wp\/v2\/media?parent=1133"}],"wp:term":[{"taxonomy":"category","embeddable":true,"href":"https:\/\/blogdoedvaldomagalhaes.com.br\/index.php\/wp-json\/wp\/v2\/categories?post=1133"},{"taxonomy":"post_tag","embeddable":true,"href":"https:\/\/blogdoedvaldomagalhaes.com.br\/index.php\/wp-json\/wp\/v2\/tags?post=1133"}],"curies":[{"name":"wp","href":"https:\/\/api.w.org\/{rel}","templated":true}]}}