{"id":1132,"date":"2018-10-02T22:00:00","date_gmt":"2018-10-03T01:00:00","guid":{"rendered":"http:\/\/blogdoedvaldomagalhaes.com.br\/index.php\/2018\/10\/02\/pesquisa-ibope-para-governador-pe-paulo\/"},"modified":"2019-02-09T02:33:27","modified_gmt":"2019-02-09T04:33:27","slug":"pesquisa-ibope-para-governador-pe-paulo","status":"publish","type":"post","link":"https:\/\/blogdoedvaldomagalhaes.com.br\/index.php\/2018\/10\/02\/pesquisa-ibope-para-governador-pe-paulo\/","title":{"rendered":"Pesquisa Ibope para Governador-PE: Paulo amplia vantagem sobre Armando"},"content":{"rendered":"<div class=\"separator\" style=\"clear: both; text-align: center;\">\n<a href=\"https:\/\/3.bp.blogspot.com\/-U2InTuJ1Wcc\/W7PqEvCA_hI\/AAAAAAAA7FY\/coYQpDt-GaIQHf-rACEaK7_-pozokcc7gCLcBGAs\/s1600\/ibope.jpg\" imageanchor=\"1\" style=\"margin-left: 1em; margin-right: 1em;\"><img loading=\"lazy\" decoding=\"async\" border=\"0\" data-original-height=\"522\" data-original-width=\"930\" height=\"354\" src=\"http:\/\/blogdoedvaldomagalhaes.com.br\/wp-content\/uploads\/2018\/10\/ibope-1.jpg\" width=\"640\" \/><\/a><\/div>\n<div style=\"text-align: justify;\">\n<b><br \/><\/b><\/div>\n<div style=\"text-align: justify;\">\n<b>Do G1 Pernambuco<\/b><\/div>\n<div style=\"text-align: justify;\">\n<\/div>\n<div style=\"text-align: justify;\">\nPesquisa Ibope divulgada nesta ter\u00e7a-feira (2) aponta os seguintes percentuais de inten\u00e7\u00e3o de voto para o governo de Pernambuco:<\/div>\n<div style=\"text-align: justify;\">\n<\/div>\n<div style=\"text-align: justify;\">\nPaulo C\u00e2mara (PSB): 39%<\/div>\n<div style=\"text-align: justify;\">\nArmando Monteiro (PTB): 27%<\/div>\n<div style=\"text-align: justify;\">\nJulio Lossio (Rede): 3%<\/div>\n<div style=\"text-align: justify;\">\nMaur\u00edcio Rands (PROS): 3%<\/div>\n<div style=\"text-align: justify;\">\nDani Portela (PSOL): 2%<\/div>\n<div style=\"text-align: justify;\">\nAna Patr\u00edcia Alves (PCO): 1%<\/div>\n<div style=\"text-align: justify;\">\nSimone Fontana (PSTU): 1%<\/div>\n<div style=\"text-align: justify;\">\nBrancos\/nulos: 15%<\/div>\n<div style=\"text-align: justify;\">\nN\u00e3o sabe\/n\u00e3o respondeu: 8%<\/div>\n<div style=\"text-align: justify;\">\nA pesquisa foi encomendada pela TV Globo e pelo \u201cJornal do Commercio\u201d.<\/div>\n<div style=\"text-align: justify;\">\n<\/div>\n<div style=\"text-align: justify;\">\nA candidata Ana Patr\u00edcia Alves anunciou, nesta ter\u00e7a-feira (2), que retirou a candidatura ao governo de Pernambuco.<\/div>\n<div style=\"text-align: justify;\">\n<\/div>\n<div style=\"text-align: justify;\">\nNo levantamento anterior, feito entre os dias 24 e 26 de setembro, os percentuais de inten\u00e7\u00e3o de votos eram os seguintes:<\/div>\n<div style=\"text-align: justify;\">\n<\/div>\n<div style=\"text-align: justify;\">\nPaulo C\u00e2mara (PSB): 35%<\/div>\n<div style=\"text-align: justify;\">\nArmando Monteiro (PTB): 27 %<\/div>\n<div style=\"text-align: justify;\">\nJulio Lossio (Rede): 3%<\/div>\n<div style=\"text-align: justify;\">\nMaur\u00edcio Rands (PROS): 2%<\/div>\n<div style=\"text-align: justify;\">\nAna Patr\u00edcia Alves (PCO): 1%<\/div>\n<div style=\"text-align: justify;\">\nSimone Fontana (PSTU): 1%<\/div>\n<div style=\"text-align: justify;\">\nDani Portela (PSOL): 1%<\/div>\n<div style=\"text-align: justify;\">\nBrancos\/nulos: 23%<\/div>\n<div style=\"text-align: justify;\">\nN\u00e3o sabe\/n\u00e3o respondeu: 7%<\/div>\n<div style=\"text-align: justify;\">\nSobre a pesquisa desta ter\u00e7a-feira, 2<\/div>\n<div style=\"text-align: justify;\">\nMargem de erro: 3 pontos percentuais para mais ou para menos<\/div>\n<div style=\"text-align: justify;\">\nQuem foi ouvido: 1.512 eleitores<\/div>\n<div style=\"text-align: justify;\">\nQuando a pesquisa foi feita: de 29 setembro a 1\u00ba de outubro<\/div>\n<div style=\"text-align: justify;\">\nRegistro no TRE: PE-04128\/2018<\/div>\n<div style=\"text-align: justify;\">\nRegistro no TSE: BR\u201009633\/2018<\/div>\n<div style=\"text-align: justify;\">\nO n\u00edvel de confian\u00e7a utilizado \u00e9 de 95%. Isso quer dizer que h\u00e1 uma probabilidade de 95% de os resultados retratarem o atual momento eleitoral, considerando a margem de erro<\/div>\n<div style=\"text-align: justify;\">\nRejei\u00e7\u00e3o<\/div>\n<div style=\"text-align: justify;\">\nO Ibope tamb\u00e9m mediu a taxa de rejei\u00e7\u00e3o (o eleitor deve dizer em qual dos candidatos n\u00e3o votaria de jeito nenhum). Nesse item, os entrevistados puderam escolher mais de um nome. Veja os \u00edndices no levantamento feito entre e de setembro:<\/div>\n<div style=\"text-align: justify;\">\n<\/div>\n<div style=\"text-align: justify;\">\nPaulo C\u00e2mara (PSB): 34%<\/div>\n<div style=\"text-align: justify;\">\nArmando Monteiro (PTB): 30%<\/div>\n<div style=\"text-align: justify;\">\nDani Portela (PSOL): 21%<\/div>\n<div style=\"text-align: justify;\">\nJulio Lossio (Rede): 20%<\/div>\n<div style=\"text-align: justify;\">\nSimone Fontana (PSTU): 18%<\/div>\n<div style=\"text-align: justify;\">\nAna Patr\u00edcia Alves (PCO): 18%<\/div>\n<div style=\"text-align: justify;\">\nMaur\u00edcio Rands (PROS): 17%<\/div>\n<div style=\"text-align: justify;\">\nPoderia votar em todos: 4%<\/div>\n<div style=\"text-align: justify;\">\nN\u00e3o sabe\/n\u00e3o respondeu: 16%<\/div>\n<div style=\"text-align: justify;\">\nSimula\u00e7\u00e3o de segundo turno<\/div>\n<div style=\"text-align: justify;\">\nPaulo C\u00e2mara 43% x 34% Armando Monteiro (branco\/nulo: 17%; n\u00e3o sabe: 6%)<\/div>\n<div style=\"text-align: justify;\">\n<\/div>\n","protected":false},"excerpt":{"rendered":"<p>Do G1 Pernambuco Pesquisa Ibope divulgada nesta ter\u00e7a-feira (2) aponta os seguintes percentuais de inten\u00e7\u00e3o de voto para o governo&hellip;<\/p>\n","protected":false},"author":1,"featured_media":0,"comment_status":"open","ping_status":"open","sticky":false,"template":"","format":"standard","meta":{"footnotes":""},"categories":[1],"tags":[2,1084,20],"class_list":["post-1132","post","type-post","status-publish","format-standard","hentry","category-sem-categoria","tag-blog-do-edvaldo-magalhaes","tag-pesquisa-ibope-para-governador-pe-paulo-amplia-vantagem-sobre-armando","tag-politica"],"_links":{"self":[{"href":"https:\/\/blogdoedvaldomagalhaes.com.br\/index.php\/wp-json\/wp\/v2\/posts\/1132","targetHints":{"allow":["GET"]}}],"collection":[{"href":"https:\/\/blogdoedvaldomagalhaes.com.br\/index.php\/wp-json\/wp\/v2\/posts"}],"about":[{"href":"https:\/\/blogdoedvaldomagalhaes.com.br\/index.php\/wp-json\/wp\/v2\/types\/post"}],"author":[{"embeddable":true,"href":"https:\/\/blogdoedvaldomagalhaes.com.br\/index.php\/wp-json\/wp\/v2\/users\/1"}],"replies":[{"embeddable":true,"href":"https:\/\/blogdoedvaldomagalhaes.com.br\/index.php\/wp-json\/wp\/v2\/comments?post=1132"}],"version-history":[{"count":1,"href":"https:\/\/blogdoedvaldomagalhaes.com.br\/index.php\/wp-json\/wp\/v2\/posts\/1132\/revisions"}],"predecessor-version":[{"id":34579,"href":"https:\/\/blogdoedvaldomagalhaes.com.br\/index.php\/wp-json\/wp\/v2\/posts\/1132\/revisions\/34579"}],"wp:attachment":[{"href":"https:\/\/blogdoedvaldomagalhaes.com.br\/index.php\/wp-json\/wp\/v2\/media?parent=1132"}],"wp:term":[{"taxonomy":"category","embeddable":true,"href":"https:\/\/blogdoedvaldomagalhaes.com.br\/index.php\/wp-json\/wp\/v2\/categories?post=1132"},{"taxonomy":"post_tag","embeddable":true,"href":"https:\/\/blogdoedvaldomagalhaes.com.br\/index.php\/wp-json\/wp\/v2\/tags?post=1132"}],"curies":[{"name":"wp","href":"https:\/\/api.w.org\/{rel}","templated":true}]}}