{"id":112939,"date":"2024-09-25T18:11:40","date_gmt":"2024-09-25T21:11:40","guid":{"rendered":"https:\/\/blogdoedvaldomagalhaes.com.br\/?p=112939"},"modified":"2024-09-25T18:11:40","modified_gmt":"2024-09-25T21:11:40","slug":"confira-a-programacao-da-semana-da-pessoa-idosa-com-atividades-de-lazer-cultura-e-diversao","status":"publish","type":"post","link":"https:\/\/blogdoedvaldomagalhaes.com.br\/index.php\/2024\/09\/25\/confira-a-programacao-da-semana-da-pessoa-idosa-com-atividades-de-lazer-cultura-e-diversao\/","title":{"rendered":"Confira a programa\u00e7\u00e3o da Semana da Pessoa Idosa com atividades de lazer, cultura e divers\u00e3o"},"content":{"rendered":"<p>A Secretaria de Desenvolvimento Social e Direitos Humanos (SDSDH), do Centro Integrado de Direitos Humanos (CIDH) e da Coordena\u00e7\u00e3o da Pessoa Idosa, realizar\u00e1, entre os dias 26 de setembro e 1\u00ba de outubro, a Semana da Pessoa Idosa, com uma programa\u00e7\u00e3o especial voltada para o bem-estar, lazer e reflex\u00e3o sobre o papel da pessoa idosa na sociedade. O evento contar\u00e1 com apresenta\u00e7\u00f5es culturais, momentos terap\u00eauticos e atividades de integra\u00e7\u00e3o, refor\u00e7ando o compromisso com os direitos e a qualidade de vida desse p\u00fablico.<\/p>\n<p>A abertura oficial ser\u00e1 no dia 26 de setembro, \u00e0s 9h, com a atividade &#8220;Setembro para Cuidado&#8221;, que promover\u00e1 uma manh\u00e3 de lazer e acolhimento no espa\u00e7o da ETI Municipal \u00c1lvaro Lins, coordenada pelo professor Marcos Mercury. O evento ser\u00e1 uma oportunidade de descontra\u00e7\u00e3o e intera\u00e7\u00e3o entre os participantes.<\/p>\n<p>No dia 27 de setembro, \u00e0s 9h, haver\u00e1 uma sess\u00e3o de arteterapia, oferecida em parceria com a Coordena\u00e7\u00e3o das Juventudes e a UFPE\/CAA, por meio do curso de Pedagogia. Essa atividade busca estimular a express\u00e3o criativa e o autoconhecimento por meio das artes, proporcionando um momento terap\u00eautico e relaxante para os idosos.<\/p>\n<p>O encerramento da Semana, no dia 1\u00ba de outubro, ser\u00e1 marcado por um dia de celebra\u00e7\u00e3o e cultura. A programa\u00e7\u00e3o come\u00e7a \u00e0s 8h com um caf\u00e9 da manh\u00e3, seguido pelo Encontro de Amigos, \u00e0s 9h, onde os participantes poder\u00e3o se divertir jogando domin\u00f3. A partir das 13h, a tarde ser\u00e1 animada por apresenta\u00e7\u00f5es art\u00edsticas realizadas na Secretaria de Educa\u00e7\u00e3o (Seduc). Entre as atra\u00e7\u00f5es est\u00e3o uma apresenta\u00e7\u00e3o de dan\u00e7a tem\u00e1tica coordenada pelo professor Alex, a performance do Coral Saber Viver, com a participa\u00e7\u00e3o do Coordenador da Pessoa com Defici\u00eancia, e a apresenta\u00e7\u00e3o do Projeto Cantoras e Cantores do R\u00e1dio, coordenada pelo professor aposentado Marcos Mercury.<\/p>\n<p>*Programa\u00e7\u00e3o*<\/p>\n<p>Abertura: 26\/09, 9h \u2013 &#8220;Setembro para Cuidado&#8221;, manh\u00e3 de lazer e acolhimento com o professor Marcos Mercury (ETI Municipal \u00c1lvaro Lins)<\/p>\n<p>27\/09, 9h \u2013 Arteterapia em parceria com a UFPE\/CAA (Coordena\u00e7\u00e3o das Juventudes)<\/p>\n<p>Encerramento: 01\/10 \u2013 Caf\u00e9 da manh\u00e3 (8h), Encontro de Amigos com domin\u00f3 (9h), apresenta\u00e7\u00f5es culturais (a partir das 13h, na Seduc): dan\u00e7a, Coral Saber Viver e o Projeto Cantoras e Cantores do R\u00e1dio.<br \/>\nSeja seguidor do Instagram do Blog @blogdoedvaldomagalhaes<br \/>\nFoto: Divulga\u00e7\u00e3o <\/p>\n","protected":false},"excerpt":{"rendered":"<p>A Secretaria de Desenvolvimento Social e Direitos Humanos (SDSDH), do Centro Integrado de Direitos Humanos (CIDH) e da Coordena\u00e7\u00e3o da&hellip;<\/p>\n","protected":false},"author":1,"featured_media":112940,"comment_status":"closed","ping_status":"open","sticky":false,"template":"","format":"standard","meta":{"footnotes":""},"categories":[14120],"tags":[28803,27410,13146,28801,31739],"class_list":["post-112939","post","type-post","status-publish","format-standard","has-post-thumbnail","hentry","category-noticias","tag-blog-com-mais-visualizacoes","tag-blog-de-caruaru","tag-blog-edvaldo-magalhaes","tag-blog-mais-acessado","tag-confira-a-programacao-da-semana-da-pessoa-idosa-com-atividades-de-lazer-cultura-e-diversao"],"_links":{"self":[{"href":"https:\/\/blogdoedvaldomagalhaes.com.br\/index.php\/wp-json\/wp\/v2\/posts\/112939","targetHints":{"allow":["GET"]}}],"collection":[{"href":"https:\/\/blogdoedvaldomagalhaes.com.br\/index.php\/wp-json\/wp\/v2\/posts"}],"about":[{"href":"https:\/\/blogdoedvaldomagalhaes.com.br\/index.php\/wp-json\/wp\/v2\/types\/post"}],"author":[{"embeddable":true,"href":"https:\/\/blogdoedvaldomagalhaes.com.br\/index.php\/wp-json\/wp\/v2\/users\/1"}],"replies":[{"embeddable":true,"href":"https:\/\/blogdoedvaldomagalhaes.com.br\/index.php\/wp-json\/wp\/v2\/comments?post=112939"}],"version-history":[{"count":1,"href":"https:\/\/blogdoedvaldomagalhaes.com.br\/index.php\/wp-json\/wp\/v2\/posts\/112939\/revisions"}],"predecessor-version":[{"id":112941,"href":"https:\/\/blogdoedvaldomagalhaes.com.br\/index.php\/wp-json\/wp\/v2\/posts\/112939\/revisions\/112941"}],"wp:featuredmedia":[{"embeddable":true,"href":"https:\/\/blogdoedvaldomagalhaes.com.br\/index.php\/wp-json\/wp\/v2\/media\/112940"}],"wp:attachment":[{"href":"https:\/\/blogdoedvaldomagalhaes.com.br\/index.php\/wp-json\/wp\/v2\/media?parent=112939"}],"wp:term":[{"taxonomy":"category","embeddable":true,"href":"https:\/\/blogdoedvaldomagalhaes.com.br\/index.php\/wp-json\/wp\/v2\/categories?post=112939"},{"taxonomy":"post_tag","embeddable":true,"href":"https:\/\/blogdoedvaldomagalhaes.com.br\/index.php\/wp-json\/wp\/v2\/tags?post=112939"}],"curies":[{"name":"wp","href":"https:\/\/api.w.org\/{rel}","templated":true}]}}