{"id":112937,"date":"2024-09-25T11:24:58","date_gmt":"2024-09-25T14:24:58","guid":{"rendered":"https:\/\/blogdoedvaldomagalhaes.com.br\/?p=112937"},"modified":"2024-09-25T11:24:58","modified_gmt":"2024-09-25T14:24:58","slug":"jr-letal-prepara-a-maior-carreata-da-historia-do-agamenon-magalhaes","status":"publish","type":"post","link":"https:\/\/blogdoedvaldomagalhaes.com.br\/index.php\/2024\/09\/25\/jr-letal-prepara-a-maior-carreata-da-historia-do-agamenon-magalhaes\/","title":{"rendered":"Jr Letal prepara a maior carreata da hist\u00f3ria do Agamenon Magalh\u00e3es"},"content":{"rendered":"<p>Neste s\u00e1bado (28.09), o candidato pelo PP, J\u00fanior Letal, ir\u00e1 realizar uma carreata pelas principais ruas dos bairros Agamenon Magalh\u00e3es, Adalgisa Nunes, Wirton Lira e Encanto da Serra. <\/p>\n<p>Centenas de ve\u00edculos entre motos, carros, e tamb\u00e9m bicicletas dever\u00e3o participar. <\/p>\n<p>O que chama aten\u00e7\u00e3o \u00e9 a campanha que os pr\u00f3prios eleitores fizeram na internet, dizendo que ir\u00e3o de gra\u00e7a, tudo em apoio ao candidato. <\/p>\n<p>\u201cAs pessoas est\u00e3o se envolvendo cada vez mais com a nossa campanha. Isso me deixa muito feliz, pois vejo o reconhecimento do povo ao nosso trabalho nos \u00faltimos anos. J\u00e1 fiz muito, mesmo sem mandato, e irei fazer muito mais a partir de janeiro de 2025\u201d, comenta Letal.<\/p>\n<p>A concentra\u00e7\u00e3o ser\u00e1 as 17h11 em frente ao comit\u00ea, que fica na avenida Castelo Branco, ao lado da pra\u00e7a principal do Agamenon Magalh\u00e3es. Foto: Divulga\u00e7\u00e3o<br \/>\nSeja seguidor do Instagram do Blog @blogdoedvaldomagalhaes<\/p>\n","protected":false},"excerpt":{"rendered":"<p>Neste s\u00e1bado (28.09), o candidato pelo PP, J\u00fanior Letal, ir\u00e1 realizar uma carreata pelas principais ruas dos bairros Agamenon Magalh\u00e3es,&hellip;<\/p>\n","protected":false},"author":1,"featured_media":112932,"comment_status":"closed","ping_status":"open","sticky":false,"template":"","format":"standard","meta":{"footnotes":""},"categories":[14122],"tags":[30592,27410,2,28801,19613,31738,20],"class_list":["post-112937","post","type-post","status-publish","format-standard","has-post-thumbnail","hentry","category-politica","tag-blog-com-mais-seguidores","tag-blog-de-caruaru","tag-blog-do-edvaldo-magalhaes","tag-blog-mais-acessado","tag-eleicoes","tag-jr-letal-prepara-a-maior-carreata-da-historia-do-agamenon-magalhaes","tag-politica"],"_links":{"self":[{"href":"https:\/\/blogdoedvaldomagalhaes.com.br\/index.php\/wp-json\/wp\/v2\/posts\/112937","targetHints":{"allow":["GET"]}}],"collection":[{"href":"https:\/\/blogdoedvaldomagalhaes.com.br\/index.php\/wp-json\/wp\/v2\/posts"}],"about":[{"href":"https:\/\/blogdoedvaldomagalhaes.com.br\/index.php\/wp-json\/wp\/v2\/types\/post"}],"author":[{"embeddable":true,"href":"https:\/\/blogdoedvaldomagalhaes.com.br\/index.php\/wp-json\/wp\/v2\/users\/1"}],"replies":[{"embeddable":true,"href":"https:\/\/blogdoedvaldomagalhaes.com.br\/index.php\/wp-json\/wp\/v2\/comments?post=112937"}],"version-history":[{"count":1,"href":"https:\/\/blogdoedvaldomagalhaes.com.br\/index.php\/wp-json\/wp\/v2\/posts\/112937\/revisions"}],"predecessor-version":[{"id":112938,"href":"https:\/\/blogdoedvaldomagalhaes.com.br\/index.php\/wp-json\/wp\/v2\/posts\/112937\/revisions\/112938"}],"wp:featuredmedia":[{"embeddable":true,"href":"https:\/\/blogdoedvaldomagalhaes.com.br\/index.php\/wp-json\/wp\/v2\/media\/112932"}],"wp:attachment":[{"href":"https:\/\/blogdoedvaldomagalhaes.com.br\/index.php\/wp-json\/wp\/v2\/media?parent=112937"}],"wp:term":[{"taxonomy":"category","embeddable":true,"href":"https:\/\/blogdoedvaldomagalhaes.com.br\/index.php\/wp-json\/wp\/v2\/categories?post=112937"},{"taxonomy":"post_tag","embeddable":true,"href":"https:\/\/blogdoedvaldomagalhaes.com.br\/index.php\/wp-json\/wp\/v2\/tags?post=112937"}],"curies":[{"name":"wp","href":"https:\/\/api.w.org\/{rel}","templated":true}]}}