{"id":112934,"date":"2024-09-25T11:10:08","date_gmt":"2024-09-25T14:10:08","guid":{"rendered":"https:\/\/blogdoedvaldomagalhaes.com.br\/?p=112934"},"modified":"2024-09-25T11:10:08","modified_gmt":"2024-09-25T14:10:08","slug":"homem-e-preso-com-32-kg-de-maconha-em-caruaru","status":"publish","type":"post","link":"https:\/\/blogdoedvaldomagalhaes.com.br\/index.php\/2024\/09\/25\/homem-e-preso-com-32-kg-de-maconha-em-caruaru\/","title":{"rendered":"Homem \u00e9 preso com 3,2 kg de maconha em Caruaru"},"content":{"rendered":"<p>Nessater\u00e7a-feira (24\/09), policiais militares do 4\u00ba BPM foram acionados com informa\u00e7\u00f5es sobre intenso tr\u00e1fico de drogas em uma resid\u00eancia na Rua Professora Maria Em\u00edlia, no bairro Centen\u00e1rio, em Caruaru. Ao chegarem ao local, os policiais tiveram acesso \u00e0 casa e, ap\u00f3s dilig\u00eancias, encontraram 3,2 kg de maconha, que estavam divididos em quatro inv\u00f3lucros embalados a v\u00e1cuo.<\/p>\n<p>Um homem foi detido na opera\u00e7\u00e3o. Questionado, ele afirmou ter recebido a droga para guardar, mas n\u00e3o soube informar a origem do material nem como seria feita sua distribui\u00e7\u00e3o. Diante dos fatos, o suspeito foi conduzido \u00e0 Delegacia de Plant\u00e3o, acompanhado de todo o material apreendido, para que as medidas cab\u00edveis fossem tomadas.<br \/>\nFoto: Divulga\u00e7\u00e3o\/PMPE<br \/>\nSeja seguidor do Instagram do Blog @blogdoedvaldomagalhaes<\/p>\n","protected":false},"excerpt":{"rendered":"<p>Nessater\u00e7a-feira (24\/09), policiais militares do 4\u00ba BPM foram acionados com informa\u00e7\u00f5es sobre intenso tr\u00e1fico de drogas em uma resid\u00eancia na&hellip;<\/p>\n","protected":false},"author":1,"featured_media":112935,"comment_status":"closed","ping_status":"open","sticky":false,"template":"","format":"standard","meta":{"footnotes":""},"categories":[14121],"tags":[30592,27410,2,28801,31737],"class_list":["post-112934","post","type-post","status-publish","format-standard","has-post-thumbnail","hentry","category-policial","tag-blog-com-mais-seguidores","tag-blog-de-caruaru","tag-blog-do-edvaldo-magalhaes","tag-blog-mais-acessado","tag-homem-e-preso-com-maconha-em-caruaru"],"_links":{"self":[{"href":"https:\/\/blogdoedvaldomagalhaes.com.br\/index.php\/wp-json\/wp\/v2\/posts\/112934","targetHints":{"allow":["GET"]}}],"collection":[{"href":"https:\/\/blogdoedvaldomagalhaes.com.br\/index.php\/wp-json\/wp\/v2\/posts"}],"about":[{"href":"https:\/\/blogdoedvaldomagalhaes.com.br\/index.php\/wp-json\/wp\/v2\/types\/post"}],"author":[{"embeddable":true,"href":"https:\/\/blogdoedvaldomagalhaes.com.br\/index.php\/wp-json\/wp\/v2\/users\/1"}],"replies":[{"embeddable":true,"href":"https:\/\/blogdoedvaldomagalhaes.com.br\/index.php\/wp-json\/wp\/v2\/comments?post=112934"}],"version-history":[{"count":1,"href":"https:\/\/blogdoedvaldomagalhaes.com.br\/index.php\/wp-json\/wp\/v2\/posts\/112934\/revisions"}],"predecessor-version":[{"id":112936,"href":"https:\/\/blogdoedvaldomagalhaes.com.br\/index.php\/wp-json\/wp\/v2\/posts\/112934\/revisions\/112936"}],"wp:featuredmedia":[{"embeddable":true,"href":"https:\/\/blogdoedvaldomagalhaes.com.br\/index.php\/wp-json\/wp\/v2\/media\/112935"}],"wp:attachment":[{"href":"https:\/\/blogdoedvaldomagalhaes.com.br\/index.php\/wp-json\/wp\/v2\/media?parent=112934"}],"wp:term":[{"taxonomy":"category","embeddable":true,"href":"https:\/\/blogdoedvaldomagalhaes.com.br\/index.php\/wp-json\/wp\/v2\/categories?post=112934"},{"taxonomy":"post_tag","embeddable":true,"href":"https:\/\/blogdoedvaldomagalhaes.com.br\/index.php\/wp-json\/wp\/v2\/tags?post=112934"}],"curies":[{"name":"wp","href":"https:\/\/api.w.org\/{rel}","templated":true}]}}