{"id":112928,"date":"2024-09-25T08:38:01","date_gmt":"2024-09-25T11:38:01","guid":{"rendered":"https:\/\/blogdoedvaldomagalhaes.com.br\/?p=112928"},"modified":"2024-09-25T08:38:01","modified_gmt":"2024-09-25T11:38:01","slug":"procon-caruaru-fiscaliza-e-orienta-consumidores-no-black-day","status":"publish","type":"post","link":"https:\/\/blogdoedvaldomagalhaes.com.br\/index.php\/2024\/09\/25\/procon-caruaru-fiscaliza-e-orienta-consumidores-no-black-day\/","title":{"rendered":"Procon Caruaru fiscaliza e orienta consumidores no Black Day"},"content":{"rendered":"<p>O Procon Caruaru, em parceria com o Caruaru Shopping, participar\u00e1 de mais uma edi\u00e7\u00e3o do Black Day, evento conhecido por suas grandes promo\u00e7\u00f5es. Durante os dias 25 e 26 de setembro, o \u00f3rg\u00e3o, vinculado \u00e0 Prefeitura de Caruaru, estar\u00e1 no local para realizar fiscaliza\u00e7\u00f5es e oferecer apoio direto aos consumidores. O stand do Procon funcionar\u00e1 das 8h \u00e0s 18h, garantindo que todos os clientes tenham acesso a informa\u00e7\u00f5es e suporte imediato.<\/p>\n<p>A gerente do Procon Caruaru, Cynthia Nunes, alerta para a necessidade de aten\u00e7\u00e3o ao aproveitar as ofertas, que podem chegar a at\u00e9 80% de desconto. &#8220;Nem todas as promo\u00e7\u00f5es atingem o percentual m\u00e1ximo de 80%. \u00c9 essencial que o consumidor confira exatamente o valor do desconto aplicado e se informe sobre a pol\u00edtica de troca de cada loja, especialmente para os itens em promo\u00e7\u00e3o&#8221;, destacou Cynthia.<\/p>\n<p>A representante do Procon refor\u00e7a que, embora as lojas tenham liberdade para definir suas pol\u00edticas de trocas e os descontos praticados, essas informa\u00e7\u00f5es precisam ser claramente exibidas, evitando qualquer tipo de confus\u00e3o ou pr\u00e1tica abusiva. &#8220;Os consumidores devem ser informados de maneira transparente sobre os direitos que possuem, principalmente em rela\u00e7\u00e3o \u00e0 troca de produtos comprados em promo\u00e7\u00e3o&#8221;, acrescentou.<\/p>\n<p>Outro ponto importante destacado pelo Procon \u00e9 a cautela nas compras. O \u00f3rg\u00e3o recomenda evitar aquisi\u00e7\u00f5es por impulso e sempre verificar a qualidade, o estado e a validade dos produtos ofertados. Em caso de d\u00favidas ou irregularidades, os consumidores podem se dirigir ao stand do Procon no centro de compras ou acionar o \u00f3rg\u00e3o via WhatsApp pelo n\u00famero (81) 98384-5909.<br \/>\nFoto: Divulga\u00e7\u00e3o\/Secom\/PMC<br \/>\nSeja seguidor do Instagram do Blog @blogdoedvaldomagalhaes<\/p>\n","protected":false},"excerpt":{"rendered":"<p>O Procon Caruaru, em parceria com o Caruaru Shopping, participar\u00e1 de mais uma edi\u00e7\u00e3o do Black Day, evento conhecido por&hellip;<\/p>\n","protected":false},"author":1,"featured_media":112929,"comment_status":"closed","ping_status":"open","sticky":false,"template":"","format":"standard","meta":{"footnotes":""},"categories":[14120],"tags":[31734,28803,27410,2,28801,13695,31733],"class_list":["post-112928","post","type-post","status-publish","format-standard","has-post-thumbnail","hentry","category-noticias","tag-black-day","tag-blog-com-mais-visualizacoes","tag-blog-de-caruaru","tag-blog-do-edvaldo-magalhaes","tag-blog-mais-acessado","tag-procon","tag-procon-caruaru-fiscaliza-e-orienta-consumidores-no-black-day"],"_links":{"self":[{"href":"https:\/\/blogdoedvaldomagalhaes.com.br\/index.php\/wp-json\/wp\/v2\/posts\/112928","targetHints":{"allow":["GET"]}}],"collection":[{"href":"https:\/\/blogdoedvaldomagalhaes.com.br\/index.php\/wp-json\/wp\/v2\/posts"}],"about":[{"href":"https:\/\/blogdoedvaldomagalhaes.com.br\/index.php\/wp-json\/wp\/v2\/types\/post"}],"author":[{"embeddable":true,"href":"https:\/\/blogdoedvaldomagalhaes.com.br\/index.php\/wp-json\/wp\/v2\/users\/1"}],"replies":[{"embeddable":true,"href":"https:\/\/blogdoedvaldomagalhaes.com.br\/index.php\/wp-json\/wp\/v2\/comments?post=112928"}],"version-history":[{"count":1,"href":"https:\/\/blogdoedvaldomagalhaes.com.br\/index.php\/wp-json\/wp\/v2\/posts\/112928\/revisions"}],"predecessor-version":[{"id":112930,"href":"https:\/\/blogdoedvaldomagalhaes.com.br\/index.php\/wp-json\/wp\/v2\/posts\/112928\/revisions\/112930"}],"wp:featuredmedia":[{"embeddable":true,"href":"https:\/\/blogdoedvaldomagalhaes.com.br\/index.php\/wp-json\/wp\/v2\/media\/112929"}],"wp:attachment":[{"href":"https:\/\/blogdoedvaldomagalhaes.com.br\/index.php\/wp-json\/wp\/v2\/media?parent=112928"}],"wp:term":[{"taxonomy":"category","embeddable":true,"href":"https:\/\/blogdoedvaldomagalhaes.com.br\/index.php\/wp-json\/wp\/v2\/categories?post=112928"},{"taxonomy":"post_tag","embeddable":true,"href":"https:\/\/blogdoedvaldomagalhaes.com.br\/index.php\/wp-json\/wp\/v2\/tags?post=112928"}],"curies":[{"name":"wp","href":"https:\/\/api.w.org\/{rel}","templated":true}]}}