{"id":112875,"date":"2024-09-23T19:02:40","date_gmt":"2024-09-23T22:02:40","guid":{"rendered":"https:\/\/blogdoedvaldomagalhaes.com.br\/?p=112875"},"modified":"2024-09-23T19:02:40","modified_gmt":"2024-09-23T22:02:40","slug":"agreste-do-estado-recebe-capacitacao-da-defesa-civil-para-detectar-anomalias-em-edificacoes","status":"publish","type":"post","link":"https:\/\/blogdoedvaldomagalhaes.com.br\/index.php\/2024\/09\/23\/agreste-do-estado-recebe-capacitacao-da-defesa-civil-para-detectar-anomalias-em-edificacoes\/","title":{"rendered":"Agreste do Estado recebe capacita\u00e7\u00e3o da Defesa Civil para detectar anomalias em edifica\u00e7\u00f5es"},"content":{"rendered":"<p>Com o foco em detectar anomalias em edifica\u00e7\u00f5es, a Escola de Defesa Civil do Estado (EDC) realizou capacita\u00e7\u00e3o com agentes da defesa civil dos munic\u00edpios do Agreste. A palestra, que aconteceu nesta segunda-feira (23), em Caruaru, teve o tema \u201cOficina de Inspe\u00e7\u00e3o em Edifica\u00e7\u00f5es para a\u00e7\u00f5es de Prote\u00e7\u00e3o e Defesa Civil\u201d e reuniu cerca de 40 agentes, entre eles, os coordenadores municipais de Prote\u00e7\u00e3o e Defesa Civil.<\/p>\n<p>De acordo com o instrutor do curso, o engenheiro da Defesa Civil do Estado, Luiz Fontes, a palestra abordou assuntos de extrema import\u00e2ncia no momento de uma vistoria. \u201cDurante a oficina tratamos de assuntos como tipologias das edifica\u00e7\u00f5es, an\u00e1lise de risco, principais patologias e metodologia para inspe\u00e7\u00f5es em edifica\u00e7\u00f5es\u201d, pontuou.<\/p>\n<p>O coordenador municipal de Prote\u00e7\u00e3o e Defesa Civil de Caruaru, M\u00e1rio Revoredo, ressaltou a import\u00e2ncia dessas capacita\u00e7\u00f5es para evitar poss\u00edveis desastres. \u201dEssas capacita\u00e7\u00f5es s\u00e3o enriquecedoras para a atua\u00e7\u00e3o de cada coordenadoria em nosso Estado\u201d, afirmou Revoredo.<\/p>\n<p>A oficina contou com a participa\u00e7\u00e3o de representantes dos munic\u00edpios do Agreste e de outras regi\u00f5es do Estado. Estiveram presentes agentes de Limoeiro, Vit\u00f3ria de Santo Ant\u00e3o, Bezerros, Sair\u00e9, Carpina, Cabo de Santo Agostinho, Goiana, Gameleira, Palmares, Cachoeirinha, Barra de Guabiraba, Camaragibe, Bu\u00edque, Alian\u00e7a, Olinda, S\u00e3o Louren\u00e7o da Mata, Vertentes, Quipap\u00e1, Jaboat\u00e3o dos Guararapes, Itapissuma, Catende e Abreu e Lima. <\/p>\n<p>A EDC oferece mensalmente lives, oficinas, cursos presenciais e on-line para todo o Estado. No total s\u00e3o mais de 15 capacita\u00e7\u00f5es que englobam temas de Prote\u00e7\u00e3o e Defesa Civil. Foto: Felipe Correia<br \/>\nSeja seguidor do Instagram do Blog @blogdoedvaldomagalhaes<\/p>\n","protected":false},"excerpt":{"rendered":"<p>Com o foco em detectar anomalias em edifica\u00e7\u00f5es, a Escola de Defesa Civil do Estado (EDC) realizou capacita\u00e7\u00e3o com agentes&hellip;<\/p>\n","protected":false},"author":1,"featured_media":112876,"comment_status":"closed","ping_status":"open","sticky":false,"template":"","format":"standard","meta":{"footnotes":""},"categories":[14120],"tags":[31719,29440,27410,13146,28801],"class_list":["post-112875","post","type-post","status-publish","format-standard","has-post-thumbnail","hentry","category-noticias","tag-agreste-do-estado-recebe-capacitacao-da-defesa-civil-para-detectar-anomalias-em-edificacoes","tag-blog-com-mais-visualizacao","tag-blog-de-caruaru","tag-blog-edvaldo-magalhaes","tag-blog-mais-acessado"],"_links":{"self":[{"href":"https:\/\/blogdoedvaldomagalhaes.com.br\/index.php\/wp-json\/wp\/v2\/posts\/112875","targetHints":{"allow":["GET"]}}],"collection":[{"href":"https:\/\/blogdoedvaldomagalhaes.com.br\/index.php\/wp-json\/wp\/v2\/posts"}],"about":[{"href":"https:\/\/blogdoedvaldomagalhaes.com.br\/index.php\/wp-json\/wp\/v2\/types\/post"}],"author":[{"embeddable":true,"href":"https:\/\/blogdoedvaldomagalhaes.com.br\/index.php\/wp-json\/wp\/v2\/users\/1"}],"replies":[{"embeddable":true,"href":"https:\/\/blogdoedvaldomagalhaes.com.br\/index.php\/wp-json\/wp\/v2\/comments?post=112875"}],"version-history":[{"count":1,"href":"https:\/\/blogdoedvaldomagalhaes.com.br\/index.php\/wp-json\/wp\/v2\/posts\/112875\/revisions"}],"predecessor-version":[{"id":112877,"href":"https:\/\/blogdoedvaldomagalhaes.com.br\/index.php\/wp-json\/wp\/v2\/posts\/112875\/revisions\/112877"}],"wp:featuredmedia":[{"embeddable":true,"href":"https:\/\/blogdoedvaldomagalhaes.com.br\/index.php\/wp-json\/wp\/v2\/media\/112876"}],"wp:attachment":[{"href":"https:\/\/blogdoedvaldomagalhaes.com.br\/index.php\/wp-json\/wp\/v2\/media?parent=112875"}],"wp:term":[{"taxonomy":"category","embeddable":true,"href":"https:\/\/blogdoedvaldomagalhaes.com.br\/index.php\/wp-json\/wp\/v2\/categories?post=112875"},{"taxonomy":"post_tag","embeddable":true,"href":"https:\/\/blogdoedvaldomagalhaes.com.br\/index.php\/wp-json\/wp\/v2\/tags?post=112875"}],"curies":[{"name":"wp","href":"https:\/\/api.w.org\/{rel}","templated":true}]}}