{"id":112872,"date":"2024-09-23T17:55:15","date_gmt":"2024-09-23T20:55:15","guid":{"rendered":"https:\/\/blogdoedvaldomagalhaes.com.br\/?p=112872"},"modified":"2024-09-23T17:55:15","modified_gmt":"2024-09-23T20:55:15","slug":"pai-abandona-filho-de-3-anos-e-foge-durante-fiscalizacao-na-br-232","status":"publish","type":"post","link":"https:\/\/blogdoedvaldomagalhaes.com.br\/index.php\/2024\/09\/23\/pai-abandona-filho-de-3-anos-e-foge-durante-fiscalizacao-na-br-232\/","title":{"rendered":"Pai abandona filho de 3 anos e foge, durante fiscaliza\u00e7\u00e3o na BR 232"},"content":{"rendered":"<p>Um menino de tr\u00eas anos de idade foi abandonado pelo motorista de uma caminhonete com o licenciamento atrasado e outras irregularidades, durante uma fiscaliza\u00e7\u00e3o da Pol\u00edcia Rodovi\u00e1ria Federal (PRF). O caso ocorreu s\u00e1bado (21.09), na BR-232, em Arcoverde, no Sert\u00e3o de Pernambuco.<\/p>\n<p>No decorrer de uma opera\u00e7\u00e3o de seguran\u00e7a vi\u00e1ria, foi dada a ordem de parada ao motorista de uma caminhonete que transportava um m\u00f3vel dom\u00e9stico. Ap\u00f3s a verifica\u00e7\u00e3o feita pelos policiais, foi constatado que havia diversas irregularidades no ve\u00edculo, inclusive o licenciamento atrasado, assim como a aus\u00eancia de uma cadeirinha para transportar a crian\u00e7a que estava no ve\u00edculo.<\/p>\n<p>O passageiro e a crian\u00e7a desembarcaram do ve\u00edculo e os policiais comunicaram ao motorista para remover a carga do outro lado da rodovia, pois o ve\u00edculo seria recolhido ao p\u00e1tio. Por\u00e9m, ao inv\u00e9s de cruzar a pista, o condutor acelerou o ve\u00edculo e fugiu do local, n\u00e3o sendo localizado.<\/p>\n<p>O passageiro informou que n\u00e3o era parente da crian\u00e7a nem do motorista e que apenas o contratou para transportar o m\u00f3vel.<\/p>\n<p>A crian\u00e7a foi encaminhada \u00e0 Delegacia de Pol\u00edcia Civil de Arcoverde, que acionou o Conselho Tutelar do munic\u00edpio para acompanhar o caso. Posteriormente, o motorista compareceu \u00e0 Delegacia sem o ve\u00edculo e se identificou como pai da crian\u00e7a.<br \/>\nFoto: Divulga\u00e7\u00e3o\/PRF<br \/>\nSeja seguidor do Instagram do Blog @blogdoedvaldomagalhaes<\/p>\n","protected":false},"excerpt":{"rendered":"<p>Um menino de tr\u00eas anos de idade foi abandonado pelo motorista de uma caminhonete com o licenciamento atrasado e outras&hellip;<\/p>\n","protected":false},"author":1,"featured_media":112873,"comment_status":"closed","ping_status":"open","sticky":false,"template":"","format":"standard","meta":{"footnotes":""},"categories":[14121],"tags":[28803,27410,2,28801,31718],"class_list":["post-112872","post","type-post","status-publish","format-standard","has-post-thumbnail","hentry","category-policial","tag-blog-com-mais-visualizacoes","tag-blog-de-caruaru","tag-blog-do-edvaldo-magalhaes","tag-blog-mais-acessado","tag-pai-abandona-filho-de-3-anos-e-foge-durante-fiscalizacao-na-br-232"],"_links":{"self":[{"href":"https:\/\/blogdoedvaldomagalhaes.com.br\/index.php\/wp-json\/wp\/v2\/posts\/112872","targetHints":{"allow":["GET"]}}],"collection":[{"href":"https:\/\/blogdoedvaldomagalhaes.com.br\/index.php\/wp-json\/wp\/v2\/posts"}],"about":[{"href":"https:\/\/blogdoedvaldomagalhaes.com.br\/index.php\/wp-json\/wp\/v2\/types\/post"}],"author":[{"embeddable":true,"href":"https:\/\/blogdoedvaldomagalhaes.com.br\/index.php\/wp-json\/wp\/v2\/users\/1"}],"replies":[{"embeddable":true,"href":"https:\/\/blogdoedvaldomagalhaes.com.br\/index.php\/wp-json\/wp\/v2\/comments?post=112872"}],"version-history":[{"count":1,"href":"https:\/\/blogdoedvaldomagalhaes.com.br\/index.php\/wp-json\/wp\/v2\/posts\/112872\/revisions"}],"predecessor-version":[{"id":112874,"href":"https:\/\/blogdoedvaldomagalhaes.com.br\/index.php\/wp-json\/wp\/v2\/posts\/112872\/revisions\/112874"}],"wp:featuredmedia":[{"embeddable":true,"href":"https:\/\/blogdoedvaldomagalhaes.com.br\/index.php\/wp-json\/wp\/v2\/media\/112873"}],"wp:attachment":[{"href":"https:\/\/blogdoedvaldomagalhaes.com.br\/index.php\/wp-json\/wp\/v2\/media?parent=112872"}],"wp:term":[{"taxonomy":"category","embeddable":true,"href":"https:\/\/blogdoedvaldomagalhaes.com.br\/index.php\/wp-json\/wp\/v2\/categories?post=112872"},{"taxonomy":"post_tag","embeddable":true,"href":"https:\/\/blogdoedvaldomagalhaes.com.br\/index.php\/wp-json\/wp\/v2\/tags?post=112872"}],"curies":[{"name":"wp","href":"https:\/\/api.w.org\/{rel}","templated":true}]}}