{"id":112744,"date":"2024-09-19T10:12:53","date_gmt":"2024-09-19T13:12:53","guid":{"rendered":"https:\/\/blogdoedvaldomagalhaes.com.br\/?p=112744"},"modified":"2024-09-19T10:12:53","modified_gmt":"2024-09-19T13:12:53","slug":"fotografo-antonio-preggo-presenteia-caruaru-com-exposicao-eu-e-minha-amiga-barriguda","status":"publish","type":"post","link":"https:\/\/blogdoedvaldomagalhaes.com.br\/index.php\/2024\/09\/19\/fotografo-antonio-preggo-presenteia-caruaru-com-exposicao-eu-e-minha-amiga-barriguda\/","title":{"rendered":"Fot\u00f3grafo Antonio Preggo presenteia Caruaru com exposi\u00e7\u00e3o \u201cEu e Minha Amiga Barriguda\u201d"},"content":{"rendered":"<p>Diante da crise clim\u00e1tica que atinge v\u00e1rios estados brasileiros, em Caruaru, um vision\u00e1rio vai na contram\u00e3o dessa triste realidade e nos convida a um mergulho \u00e0 reflex\u00e3o, atrav\u00e9s da fotografia, no mundo que poucos conhecem: o da \u201cBarriguda\u201d. O fot\u00f3grafo Antonio Preggo, inquieto produtor cultural que \u201cleva a vida a nos provocar\u201d para algo que precisa ser enxergado, preparou a \u201cExposi\u00e7\u00e3o ecologicamente cultural \u2013 Eu e Minha Amiga Barriguda\u201d. A iniciativa ser\u00e1 aberta \u00e0s 16h deste s\u00e1bado (21), na Casa Naturalmente, no Alto do Moura, onde seguir\u00e1 em cartaz at\u00e9 o dia 21 de outubro, com acesso gratuito, para quem respeita \u00e0 m\u00e3e natureza.<br \/>\nAs belas fotografias foram captadas pelas potentes lentes do artista Antonio Preggo, que, com uma sensibilidade impressionante, faz uma \u00fanica \u00e1rvore se multiplicar diante das v\u00e1rias situa\u00e7\u00f5es em que foi captada na natureza. Em cada clique, um colorido surpresa como pano de fundo e cen\u00e1rios simplesmente exuberantes. Com curadoria do artista visual Humberto Bot\u00e3o, as fotografias estar\u00e3o expostas nos corredores da casa onde ele mora com a esposa, a produtora cultural Yone Amorim, parceira indispens\u00e1vel para a concretiza\u00e7\u00e3o da exposi\u00e7\u00e3o. Ali\u00e1s, a resid\u00eancia j\u00e1 \u00e9 palco de grandes projetos.<\/p>\n<p>\u201cParalelo \u00e0 exposi\u00e7\u00e3o, dialogamos com o Movimento dos Trabalhadores Rurais Sem Terra, que se responsabilizou pelo cultivo das sementes de Barriguda e, posterior, distribui\u00e7\u00e3o de mudas\u201d, comentou Preggo, que tem um vasto curr\u00edculo. Esta ser\u00e1 a s\u00e9tima exposi\u00e7\u00e3o assinada por ele. Antes, vieram \u2018Express\u00f5es de Um Povo\u2019, \u2018Um Boi-chamado Tira-Teima\u2019, \u2018Homem P\u00e1ssaro\u2019, \u20188 Baixos\u2019,\u2018Crian\u00e7as\u2019 e \u2018Um Olhar atr\u00e1s das grades\u2019.<\/p>\n<p>A \u201cExposi\u00e7\u00e3o ecologicamente cultural \u2013 Eu e Minha Amiga Barriguda\u201d j\u00e1 nasce grande, com uma agenda nos estados de S\u00e3o Paulo e Goi\u00e1s, no m\u00eas de novembro pr\u00f3ximo, quando aportar\u00e1 no Est\u00fadio Morma\u00e7o, na cidade de S\u00e3o Paulo, e em Olhos D\u2019\u00e1gua, distrito de Alex\u00e2nia (GO). Para participar da programa\u00e7\u00e3o de abertura em Caruaru, basta querer abra\u00e7ar a causa!<br \/>\nPROGRAMA\u00c7\u00c3O:<\/p>\n<p>8h \u2013 Projeto \u201cFlorestar o Rio Ipojuca\u201d<\/p>\n<p>Local: Rua Her\u00e1clito Ramos, no Bairro Caiuc\u00e1 (ao lado do Loteamento Alto Alegre)<\/p>\n<p>9h \u2013 Visita guida pelo prof. Jo\u00e3o Domingos<\/p>\n<p>Local: Serra dos Cavalos<\/p>\n<p>16h \u2013 Abertura da Casa Naturalmente, com plantio de \u00e1rvores (Barriguda)<\/p>\n<p>17h -Abertura oficial da exposi\u00e7\u00e3o<\/p>\n<p>Atra\u00e7\u00f5es art\u00edsticas: Valdir Santos, Keyller Almeida, Carlos Alves, Nika Macedo, Roger de Renor, jornalista e dr. em artes Oscar Dambrosio.<br \/>\nFoto: Divulga\u00e7\u00e3o<br \/>\nSeja seguidor do Instagram do Blog @blogdoedvaldomagalhaes<\/p>\n","protected":false},"excerpt":{"rendered":"<p>Diante da crise clim\u00e1tica que atinge v\u00e1rios estados brasileiros, em Caruaru, um vision\u00e1rio vai na contram\u00e3o dessa triste realidade e&hellip;<\/p>\n","protected":false},"author":1,"featured_media":112745,"comment_status":"closed","ping_status":"open","sticky":false,"template":"","format":"standard","meta":{"footnotes":""},"categories":[14120],"tags":[29440,27410,13146,28801,31682],"class_list":["post-112744","post","type-post","status-publish","format-standard","has-post-thumbnail","hentry","category-noticias","tag-blog-com-mais-visualizacao","tag-blog-de-caruaru","tag-blog-edvaldo-magalhaes","tag-blog-mais-acessado","tag-fotografo-antonio-preggo-presenteia-caruaru-com-exposicao-eu-e-minha-amiga-barriguda"],"_links":{"self":[{"href":"https:\/\/blogdoedvaldomagalhaes.com.br\/index.php\/wp-json\/wp\/v2\/posts\/112744","targetHints":{"allow":["GET"]}}],"collection":[{"href":"https:\/\/blogdoedvaldomagalhaes.com.br\/index.php\/wp-json\/wp\/v2\/posts"}],"about":[{"href":"https:\/\/blogdoedvaldomagalhaes.com.br\/index.php\/wp-json\/wp\/v2\/types\/post"}],"author":[{"embeddable":true,"href":"https:\/\/blogdoedvaldomagalhaes.com.br\/index.php\/wp-json\/wp\/v2\/users\/1"}],"replies":[{"embeddable":true,"href":"https:\/\/blogdoedvaldomagalhaes.com.br\/index.php\/wp-json\/wp\/v2\/comments?post=112744"}],"version-history":[{"count":1,"href":"https:\/\/blogdoedvaldomagalhaes.com.br\/index.php\/wp-json\/wp\/v2\/posts\/112744\/revisions"}],"predecessor-version":[{"id":112746,"href":"https:\/\/blogdoedvaldomagalhaes.com.br\/index.php\/wp-json\/wp\/v2\/posts\/112744\/revisions\/112746"}],"wp:featuredmedia":[{"embeddable":true,"href":"https:\/\/blogdoedvaldomagalhaes.com.br\/index.php\/wp-json\/wp\/v2\/media\/112745"}],"wp:attachment":[{"href":"https:\/\/blogdoedvaldomagalhaes.com.br\/index.php\/wp-json\/wp\/v2\/media?parent=112744"}],"wp:term":[{"taxonomy":"category","embeddable":true,"href":"https:\/\/blogdoedvaldomagalhaes.com.br\/index.php\/wp-json\/wp\/v2\/categories?post=112744"},{"taxonomy":"post_tag","embeddable":true,"href":"https:\/\/blogdoedvaldomagalhaes.com.br\/index.php\/wp-json\/wp\/v2\/tags?post=112744"}],"curies":[{"name":"wp","href":"https:\/\/api.w.org\/{rel}","templated":true}]}}