{"id":112738,"date":"2024-09-19T09:34:58","date_gmt":"2024-09-19T12:34:58","guid":{"rendered":"https:\/\/blogdoedvaldomagalhaes.com.br\/?p=112738"},"modified":"2024-09-19T19:44:35","modified_gmt":"2024-09-19T22:44:35","slug":"governadora-raquel-lyra-nomeia-141-profissionais-de-saude-que-vao-atuar-em-todo-o-estado","status":"publish","type":"post","link":"https:\/\/blogdoedvaldomagalhaes.com.br\/index.php\/2024\/09\/19\/governadora-raquel-lyra-nomeia-141-profissionais-de-saude-que-vao-atuar-em-todo-o-estado\/","title":{"rendered":"Governadora Raquel Lyra nomeia 141 profissionais de sa\u00fade que v\u00e3o atuar em todo o Estado"},"content":{"rendered":"<p>A governadora Raquel Lyra nomeou, nesta quinta-feira (19), 141 profissionais de sa\u00fade, de v\u00e1rias especialidades, que v\u00e3o atuar em dez Ger\u00eancias Regionais de Sa\u00fade (Geres). O refor\u00e7o vai ampliar a capacidade de atendimento na rede p\u00fablica de sa\u00fade do Estado, melhorando os servi\u00e7os oferecidos \u00e0 popula\u00e7\u00e3o pernambucana. A nomea\u00e7\u00e3o foi publicada no Di\u00e1rio Oficial.<\/p>\n<p>\u201cOs novos profissionais de sa\u00fade v\u00e3o trabalhar com a gente, no Governo de Pernambuco. S\u00e3o m\u00e9dicos, analistas e assistentes de sa\u00fade, que v\u00e3o atuar em diversas ger\u00eancias regionais, nos ajudando a fazer de Pernambuco um estado que, cada vez mais, cuida da sua gente&#8221;, afirmou a governadora Raquel Lyra.<\/p>\n<p>A I Geres, que contempla 20 munic\u00edpios, com 15 unidades hospitalares e 13 Unidades de Pronto Atendimento (UPAs), receber\u00e1 a maior parte dos profissionais &#8211; 97 ao total. Os outros ser\u00e3o distribu\u00eddos na II Geres (6), III Geres (2), IV Geres (7), V Geres (3), VI geres (2), VII Geres (8), X Geres (3), XI Geres (6) e XII Geres (7).<\/p>\n<p>*ENFERMEIROS -* Ainda como parte da estrat\u00e9gia de refor\u00e7ar o atendimento nas unidades p\u00fablicas de sa\u00fade de Pernambuco, foram autorizadas a convoca\u00e7\u00e3o de 997 enfermeiros, aprovados em Sele\u00e7\u00e3o P\u00fablica Simplificada, dos quais 559 j\u00e1 foram convocados para compor as escalas de plant\u00e3o dos hospitais localizados no Recife, Regi\u00e3o Metropolitana e Interior. <\/p>\n<p>Os mais de mil novos profissionais atuar\u00e3o nos hospitais Agamenon Magalh\u00e3es (HAM), Bar\u00e3o de Lucena (HBL), Get\u00falio Vargas (HGV), Ot\u00e1vio de Freitas (HOF), Ulysses Pernambucano (HUP), Correia Pican\u00e7o (HCP), Geral de Areias (HGA), no Recife, al\u00e9m do Jaboat\u00e3o Prazeres (HPJ), Geral da Mirueira (HGM), em Paulista. No interior de Pernambuco, os enfermeiros atuar\u00e3o nos hospitais Jos\u00e9 Fernandes Salsa (Limoeiro), Regional do Agreste (Caruaru), Dom Moura (Garanhuns), In\u00e1cio de S\u00e1 (Salgueiro) e Belarmino Correia (Goiana).<br \/>\nFoto: Hes\u00edodo Goes\/Acervo Secom<br \/>\nSeja seguidor do Instagram do Blog @blogdoedvaldomagalhaes<\/p>\n","protected":false},"excerpt":{"rendered":"<p>A governadora Raquel Lyra nomeou, nesta quinta-feira (19), 141 profissionais de sa\u00fade, de v\u00e1rias especialidades, que v\u00e3o atuar em dez&hellip;<\/p>\n","protected":false},"author":1,"featured_media":112739,"comment_status":"closed","ping_status":"open","sticky":false,"template":"","format":"standard","meta":{"footnotes":""},"categories":[14120],"tags":[28803,27410,13146,28801,31680,20,1229],"class_list":["post-112738","post","type-post","status-publish","format-standard","has-post-thumbnail","hentry","category-noticias","tag-blog-com-mais-visualizacoes","tag-blog-de-caruaru","tag-blog-edvaldo-magalhaes","tag-blog-mais-acessado","tag-governadora-raquel-lyra-nomeia-141-profissionais-de-saude-que-vao-atuar-em-todo-o-estado","tag-politica","tag-raquel-lyra"],"_links":{"self":[{"href":"https:\/\/blogdoedvaldomagalhaes.com.br\/index.php\/wp-json\/wp\/v2\/posts\/112738","targetHints":{"allow":["GET"]}}],"collection":[{"href":"https:\/\/blogdoedvaldomagalhaes.com.br\/index.php\/wp-json\/wp\/v2\/posts"}],"about":[{"href":"https:\/\/blogdoedvaldomagalhaes.com.br\/index.php\/wp-json\/wp\/v2\/types\/post"}],"author":[{"embeddable":true,"href":"https:\/\/blogdoedvaldomagalhaes.com.br\/index.php\/wp-json\/wp\/v2\/users\/1"}],"replies":[{"embeddable":true,"href":"https:\/\/blogdoedvaldomagalhaes.com.br\/index.php\/wp-json\/wp\/v2\/comments?post=112738"}],"version-history":[{"count":1,"href":"https:\/\/blogdoedvaldomagalhaes.com.br\/index.php\/wp-json\/wp\/v2\/posts\/112738\/revisions"}],"predecessor-version":[{"id":112740,"href":"https:\/\/blogdoedvaldomagalhaes.com.br\/index.php\/wp-json\/wp\/v2\/posts\/112738\/revisions\/112740"}],"wp:featuredmedia":[{"embeddable":true,"href":"https:\/\/blogdoedvaldomagalhaes.com.br\/index.php\/wp-json\/wp\/v2\/media\/112739"}],"wp:attachment":[{"href":"https:\/\/blogdoedvaldomagalhaes.com.br\/index.php\/wp-json\/wp\/v2\/media?parent=112738"}],"wp:term":[{"taxonomy":"category","embeddable":true,"href":"https:\/\/blogdoedvaldomagalhaes.com.br\/index.php\/wp-json\/wp\/v2\/categories?post=112738"},{"taxonomy":"post_tag","embeddable":true,"href":"https:\/\/blogdoedvaldomagalhaes.com.br\/index.php\/wp-json\/wp\/v2\/tags?post=112738"}],"curies":[{"name":"wp","href":"https:\/\/api.w.org\/{rel}","templated":true}]}}