{"id":112732,"date":"2024-09-18T21:29:12","date_gmt":"2024-09-19T00:29:12","guid":{"rendered":"https:\/\/blogdoedvaldomagalhaes.com.br\/?p=112732"},"modified":"2024-09-18T21:29:12","modified_gmt":"2024-09-19T00:29:12","slug":"ze-queiroz-afirma-que-vai-construir-tres-unidades-do-compaz-em-caruaru","status":"publish","type":"post","link":"https:\/\/blogdoedvaldomagalhaes.com.br\/index.php\/2024\/09\/18\/ze-queiroz-afirma-que-vai-construir-tres-unidades-do-compaz-em-caruaru\/","title":{"rendered":"Z\u00e9 Queiroz afirma que vai construir tr\u00eas unidades do Compaz em Caruaru"},"content":{"rendered":"<p>A campanha de Z\u00e9 Queiroz (PDT) segue apresentando propostas inovadoras para Caruaru. Dessa vez, o candidato anunciou a constru\u00e7\u00e3o de tr\u00eas unidades do Compaz, centros comunit\u00e1rios concebidos com o objetivo de contribuir para a constru\u00e7\u00e3o da cultura de paz na cidade a partir da oferta de educa\u00e7\u00e3o, lazer, esportes, cultura, cidadania e oportunidades para crian\u00e7as, jovens, adultos e idosos. <\/p>\n<p>\u201cO Compaz \u00e9 um projeto transformador que tem mudado a realidade de muitas fam\u00edlias no Recife e que vamos trabalhar para implantar aqui em Caruaru, come\u00e7ando pelo bairro do Salgado\u201d, explicou Z\u00e9 Queiroz. \u201cVamos trazer para perto de quem mais precisa um conjunto de servi\u00e7os sociais b\u00e1sicos e a presen\u00e7a da prefeitura. Nossa propriedade \u00e9 transformar a vida das pessoas\u201d, enfatizou. <\/p>\n<p>Para melhor servir \u00e0s comunidades, o Compaz oferecer\u00e1 biblioteca, cineteatro, quadra poliesportiva, assist\u00eancia social, apoio jur\u00eddico, servi\u00e7os de CRAS e CREAS, Procon e Ag\u00eancia de emprego, piscinas, audit\u00f3rio, pra\u00e7a de eventos, al\u00e9m de capacita\u00e7\u00e3o e atividades para pessoas de todas as idades.<br \/>\nFoto: Tiago Calazans<br \/>\nSeja seguidor do Instagram do Blog do Edvaldo Magalh\u00e3es <\/p>\n","protected":false},"excerpt":{"rendered":"<p>A campanha de Z\u00e9 Queiroz (PDT) segue apresentando propostas inovadoras para Caruaru. Dessa vez, o candidato anunciou a constru\u00e7\u00e3o de&hellip;<\/p>\n","protected":false},"author":1,"featured_media":112733,"comment_status":"closed","ping_status":"open","sticky":false,"template":"","format":"standard","meta":{"footnotes":""},"categories":[14122],"tags":[29440,27410,13146,28801,19613,20,31678],"class_list":["post-112732","post","type-post","status-publish","format-standard","has-post-thumbnail","hentry","category-politica","tag-blog-com-mais-visualizacao","tag-blog-de-caruaru","tag-blog-edvaldo-magalhaes","tag-blog-mais-acessado","tag-eleicoes","tag-politica","tag-ze-queiroz-afirma-que-vai-construir-tres-unidades-do-compaz-em-caruaru"],"_links":{"self":[{"href":"https:\/\/blogdoedvaldomagalhaes.com.br\/index.php\/wp-json\/wp\/v2\/posts\/112732","targetHints":{"allow":["GET"]}}],"collection":[{"href":"https:\/\/blogdoedvaldomagalhaes.com.br\/index.php\/wp-json\/wp\/v2\/posts"}],"about":[{"href":"https:\/\/blogdoedvaldomagalhaes.com.br\/index.php\/wp-json\/wp\/v2\/types\/post"}],"author":[{"embeddable":true,"href":"https:\/\/blogdoedvaldomagalhaes.com.br\/index.php\/wp-json\/wp\/v2\/users\/1"}],"replies":[{"embeddable":true,"href":"https:\/\/blogdoedvaldomagalhaes.com.br\/index.php\/wp-json\/wp\/v2\/comments?post=112732"}],"version-history":[{"count":1,"href":"https:\/\/blogdoedvaldomagalhaes.com.br\/index.php\/wp-json\/wp\/v2\/posts\/112732\/revisions"}],"predecessor-version":[{"id":112734,"href":"https:\/\/blogdoedvaldomagalhaes.com.br\/index.php\/wp-json\/wp\/v2\/posts\/112732\/revisions\/112734"}],"wp:featuredmedia":[{"embeddable":true,"href":"https:\/\/blogdoedvaldomagalhaes.com.br\/index.php\/wp-json\/wp\/v2\/media\/112733"}],"wp:attachment":[{"href":"https:\/\/blogdoedvaldomagalhaes.com.br\/index.php\/wp-json\/wp\/v2\/media?parent=112732"}],"wp:term":[{"taxonomy":"category","embeddable":true,"href":"https:\/\/blogdoedvaldomagalhaes.com.br\/index.php\/wp-json\/wp\/v2\/categories?post=112732"},{"taxonomy":"post_tag","embeddable":true,"href":"https:\/\/blogdoedvaldomagalhaes.com.br\/index.php\/wp-json\/wp\/v2\/tags?post=112732"}],"curies":[{"name":"wp","href":"https:\/\/api.w.org\/{rel}","templated":true}]}}