{"id":112729,"date":"2024-09-18T20:57:25","date_gmt":"2024-09-18T23:57:25","guid":{"rendered":"https:\/\/blogdoedvaldomagalhaes.com.br\/?p=112729"},"modified":"2024-09-18T21:02:22","modified_gmt":"2024-09-19T00:02:22","slug":"fagner-dos-animais-lanca-material-para-pessoas-cegas","status":"publish","type":"post","link":"https:\/\/blogdoedvaldomagalhaes.com.br\/index.php\/2024\/09\/18\/fagner-dos-animais-lanca-material-para-pessoas-cegas\/","title":{"rendered":"Fagner dos Animais lan\u00e7a material para pessoas cegas"},"content":{"rendered":"<p>Uma inova\u00e7\u00e3o passa a fazer parte da campanha de Fagner dos Animais (PDT), \u00e9 o jornal em audiodescri\u00e7\u00e3o voltado para as pessoas cegas. A ideia de criar o material surgiu ap\u00f3s conversa com uma pessoa cega, que sugeriu material acess\u00edvel e o debate sobre melhorias das pol\u00edticas p\u00fablicas para os cegos.<\/p>\n<p>Para Fagner, entender e atender esta necessidade \u00e9 uma obriga\u00e7\u00e3o como parlamentar e como candidato. &#8220;Essa \u00e9 uma quest\u00e3o que precisa ser discutida e pol\u00edticas p\u00fablicas de acessibilidade implementadas. Durante minhas visitas, conheci Danyella, que \u00e9 cantora, e veio conversar comigo sobre esse tema, pois ela \u00e9 cega e n\u00e3o conseguia acesso f\u00e1cil a diversos materiais, como os da campanha, por exemplo. Assumi o compromisso de levar este tema para a C\u00e2mara de Vereadores e, tamb\u00e9m, que meu material tenha uma vers\u00e3o com audiodescri\u00e7\u00e3o, e j\u00e1 est\u00e1 pronto&#8221;, explicou.<\/p>\n<p>O material pode ser acessado atrav\u00e9s deste \u00e1udio e link: https:\/\/fagnerfernandes.com\/fagner_adp.html?1<\/p>\n","protected":false},"excerpt":{"rendered":"<p>Uma inova\u00e7\u00e3o passa a fazer parte da campanha de Fagner dos Animais (PDT), \u00e9 o jornal em audiodescri\u00e7\u00e3o voltado para&hellip;<\/p>\n","protected":false},"author":1,"featured_media":112731,"comment_status":"closed","ping_status":"open","sticky":false,"template":"","format":"standard","meta":{"footnotes":""},"categories":[14120],"tags":[28803,27410,2,28801,31677,20],"class_list":["post-112729","post","type-post","status-publish","format-standard","has-post-thumbnail","hentry","category-noticias","tag-blog-com-mais-visualizacoes","tag-blog-de-caruaru","tag-blog-do-edvaldo-magalhaes","tag-blog-mais-acessado","tag-fagner-dos-animais-lanca-material-para-pessoas-cegas","tag-politica"],"_links":{"self":[{"href":"https:\/\/blogdoedvaldomagalhaes.com.br\/index.php\/wp-json\/wp\/v2\/posts\/112729","targetHints":{"allow":["GET"]}}],"collection":[{"href":"https:\/\/blogdoedvaldomagalhaes.com.br\/index.php\/wp-json\/wp\/v2\/posts"}],"about":[{"href":"https:\/\/blogdoedvaldomagalhaes.com.br\/index.php\/wp-json\/wp\/v2\/types\/post"}],"author":[{"embeddable":true,"href":"https:\/\/blogdoedvaldomagalhaes.com.br\/index.php\/wp-json\/wp\/v2\/users\/1"}],"replies":[{"embeddable":true,"href":"https:\/\/blogdoedvaldomagalhaes.com.br\/index.php\/wp-json\/wp\/v2\/comments?post=112729"}],"version-history":[{"count":1,"href":"https:\/\/blogdoedvaldomagalhaes.com.br\/index.php\/wp-json\/wp\/v2\/posts\/112729\/revisions"}],"predecessor-version":[{"id":112730,"href":"https:\/\/blogdoedvaldomagalhaes.com.br\/index.php\/wp-json\/wp\/v2\/posts\/112729\/revisions\/112730"}],"wp:featuredmedia":[{"embeddable":true,"href":"https:\/\/blogdoedvaldomagalhaes.com.br\/index.php\/wp-json\/wp\/v2\/media\/112731"}],"wp:attachment":[{"href":"https:\/\/blogdoedvaldomagalhaes.com.br\/index.php\/wp-json\/wp\/v2\/media?parent=112729"}],"wp:term":[{"taxonomy":"category","embeddable":true,"href":"https:\/\/blogdoedvaldomagalhaes.com.br\/index.php\/wp-json\/wp\/v2\/categories?post=112729"},{"taxonomy":"post_tag","embeddable":true,"href":"https:\/\/blogdoedvaldomagalhaes.com.br\/index.php\/wp-json\/wp\/v2\/tags?post=112729"}],"curies":[{"name":"wp","href":"https:\/\/api.w.org\/{rel}","templated":true}]}}