{"id":112724,"date":"2024-09-18T19:05:53","date_gmt":"2024-09-18T22:05:53","guid":{"rendered":"https:\/\/blogdoedvaldomagalhaes.com.br\/?p=112724"},"modified":"2024-09-18T19:16:21","modified_gmt":"2024-09-18T22:16:21","slug":"caruaru-tera-semana-municipal-da-formacao-e-fomento-da-economia-criativa-ligada-a-arte-e-cultura","status":"publish","type":"post","link":"https:\/\/blogdoedvaldomagalhaes.com.br\/index.php\/2024\/09\/18\/caruaru-tera-semana-municipal-da-formacao-e-fomento-da-economia-criativa-ligada-a-arte-e-cultura\/","title":{"rendered":"Caruaru ter\u00e1 &#8220;Semana Municipal da Forma\u00e7\u00e3o e fomento da Economia Criativa ligada a Arte e Cultura&#8221;"},"content":{"rendered":"<p>_O autor da propositura, vereador Jorge Quintino, pensou a data para homenagear a pintora Luisa Maciel. Foto: Divulga\u00e7\u00e3o_<\/p>\n<p>Foi votado e aprovado por unanimidade durante a reuni\u00e3o ordin\u00e1ria de ontem, 17, o Projeto de Lei n\u00ba 9914 de 2024, de autoria do vereador Jorge Quintino, que cria a Semana Municipal da Forma\u00e7\u00e3o e fomento da Economia Criativa, e passar\u00e1 a integrar o Calend\u00e1rio Oficial de Eventos do Munic\u00edpio com os seguintes objetivos: evidenciar e refor\u00e7ar a Forma\u00e7\u00e3o e fomento da Economia Criativa ligada a Arte e Cultura; reconhecer o papel dos profissionais da arte e cultura e das empresas que fomentam este setor no Munic\u00edpio, distribuindo renda e gerando inclus\u00e3o social, bem como de seus \u00f3rg\u00e3os representativos; oportunizar \u00e0 comunidade o acesso a no\u00e7\u00f5es de forma\u00e7\u00e3o de empreendedorismo ligado a arte e cultura e incentivar o surgimento de novos profissionais da arte e cultura e de empresas que fomentam este setor.<\/p>\n<p>O per\u00edodo estabelecido para essa celebra\u00e7\u00e3o ser\u00e1 na terceira semana do m\u00eas de julho, na passagem do Dia Municipal do Produtor Cultural, comemorado no dia do nascimento da pintora Luisa Maciel, que \u00e9 19 de julho.<br \/>\nTamb\u00e9m durante a Semana Municipal a Forma\u00e7\u00e3o e fomento da Economia Criativa ligada a Arte e Cultura ser\u00e3o iniciadas homenagens em reconhecimento a profissionais, empresas e seus \u00f3rg\u00e3os representativos que atuam no setor da arte e cultura no Munic\u00edpio. Durante esse per\u00edodo acontecer\u00e3o eventos, feiras, palestras, debates e a\u00e7\u00f5es de forma\u00e7\u00e3o e qualifica\u00e7\u00e3o.<br \/>\n*Uma homenagem \u00e0 Mem\u00f3ria de Luisa Maciel*<br \/>\nLuisa Cavalcanti Maciel nasceu em 19 de julho de 1926 em Areia Grande, Pesqueira. Era pintora, escritora, escultora, professora de Arte e Folclorista. Presidente fundadora do Centro de Cultura Popular Luisa Maciel, era acad\u00eamica fundadora da Academia Caruaruense de Cultura Ci\u00eancias e Letras (Acaccil).<\/p>\n<p>Luisa Maciel foi eleita na cidade de Schlitz \u2013 Alemanha, Delegada Oficial do Conselho Internacional das Organiza\u00e7\u00f5es de Festivais Folcl\u00f3ricos e Artes Tradicionais \u2013 CIOFF\u00ae\ufe0f\/UNESCO. Em 1974, recebeu o T\u00edtulo de Cidad\u00e3 de Caruaru, pelos servi\u00e7os prestados na \u00e1rea cultural.<br \/>\nFoto: Jana\u00edna Pepeu<br \/>\nSeja seguidor do Instagram do Blog @blogdoedvaldomagalhaes<\/p>\n","protected":false},"excerpt":{"rendered":"<p>_O autor da propositura, vereador Jorge Quintino, pensou a data para homenagear a pintora Luisa Maciel. Foto: Divulga\u00e7\u00e3o_ Foi votado&hellip;<\/p>\n","protected":false},"author":1,"featured_media":112725,"comment_status":"closed","ping_status":"open","sticky":false,"template":"","format":"standard","meta":{"footnotes":""},"categories":[14120],"tags":[28803,27410,2,28801,31676],"class_list":["post-112724","post","type-post","status-publish","format-standard","has-post-thumbnail","hentry","category-noticias","tag-blog-com-mais-visualizacoes","tag-blog-de-caruaru","tag-blog-do-edvaldo-magalhaes","tag-blog-mais-acessado","tag-caruaru-tera-semana-municipal-da-formacao-e-fomento-da-economia-criativa-ligada-a-arte-e-cultura"],"_links":{"self":[{"href":"https:\/\/blogdoedvaldomagalhaes.com.br\/index.php\/wp-json\/wp\/v2\/posts\/112724","targetHints":{"allow":["GET"]}}],"collection":[{"href":"https:\/\/blogdoedvaldomagalhaes.com.br\/index.php\/wp-json\/wp\/v2\/posts"}],"about":[{"href":"https:\/\/blogdoedvaldomagalhaes.com.br\/index.php\/wp-json\/wp\/v2\/types\/post"}],"author":[{"embeddable":true,"href":"https:\/\/blogdoedvaldomagalhaes.com.br\/index.php\/wp-json\/wp\/v2\/users\/1"}],"replies":[{"embeddable":true,"href":"https:\/\/blogdoedvaldomagalhaes.com.br\/index.php\/wp-json\/wp\/v2\/comments?post=112724"}],"version-history":[{"count":2,"href":"https:\/\/blogdoedvaldomagalhaes.com.br\/index.php\/wp-json\/wp\/v2\/posts\/112724\/revisions"}],"predecessor-version":[{"id":112728,"href":"https:\/\/blogdoedvaldomagalhaes.com.br\/index.php\/wp-json\/wp\/v2\/posts\/112724\/revisions\/112728"}],"wp:featuredmedia":[{"embeddable":true,"href":"https:\/\/blogdoedvaldomagalhaes.com.br\/index.php\/wp-json\/wp\/v2\/media\/112725"}],"wp:attachment":[{"href":"https:\/\/blogdoedvaldomagalhaes.com.br\/index.php\/wp-json\/wp\/v2\/media?parent=112724"}],"wp:term":[{"taxonomy":"category","embeddable":true,"href":"https:\/\/blogdoedvaldomagalhaes.com.br\/index.php\/wp-json\/wp\/v2\/categories?post=112724"},{"taxonomy":"post_tag","embeddable":true,"href":"https:\/\/blogdoedvaldomagalhaes.com.br\/index.php\/wp-json\/wp\/v2\/tags?post=112724"}],"curies":[{"name":"wp","href":"https:\/\/api.w.org\/{rel}","templated":true}]}}