{"id":112721,"date":"2024-09-18T18:40:19","date_gmt":"2024-09-18T21:40:19","guid":{"rendered":"https:\/\/blogdoedvaldomagalhaes.com.br\/?p=112721"},"modified":"2024-09-18T18:40:19","modified_gmt":"2024-09-18T21:40:19","slug":"homem-e-preso-com-arma-e-drogas-apos-denuncia-em-caruaru","status":"publish","type":"post","link":"https:\/\/blogdoedvaldomagalhaes.com.br\/index.php\/2024\/09\/18\/homem-e-preso-com-arma-e-drogas-apos-denuncia-em-caruaru\/","title":{"rendered":"Homem \u00e9 preso com arma e drogas, ap\u00f3s den\u00fancia, em Caruaru"},"content":{"rendered":"<p>Um homem foi preso, na manh\u00e3 desta ter\u00e7a-feira (17), em Caruaru, ap\u00f3s den\u00fancia de disparos de arma de fogo no bairro Cidade Alta. Policiais Militares do 1\u00ba BIESP foram encaminhados ao local e de posse das caracter\u00edsticas do envolvido sa\u00edram em dilig\u00eancias. O homem foi identificado e ap\u00f3s tentativa de fuga foi preso, com ele foram apreendidos um rev\u00f3lver calibre .38, com cinco muni\u00e7\u00f5es do mesmo calibre, 44 big bigs de coca\u00edna, 250g da mesma droga, R$ 56,00, um aparelho celular, uma bolsa preta, uma corrente de prata e um casaco. Diante dos fatos, o indiv\u00edduo e o material apreendido foram conduzidos at\u00e9 a Delegacia de Plant\u00e3o, 14\u00b0 DESEC.  para serem tomadas as medidas cab\u00edveis.<br \/>\nFoto: Divulga\u00e7\u00e3o\/PMPE<br \/>\nSeja seguidor do Instagram do Blog @blogdoedvaldomagalhaes<\/p>\n","protected":false},"excerpt":{"rendered":"<p>Um homem foi preso, na manh\u00e3 desta ter\u00e7a-feira (17), em Caruaru, ap\u00f3s den\u00fancia de disparos de arma de fogo no&hellip;<\/p>\n","protected":false},"author":1,"featured_media":112722,"comment_status":"closed","ping_status":"open","sticky":false,"template":"","format":"standard","meta":{"footnotes":""},"categories":[14121],"tags":[28803,27410,13146,28801,31675],"class_list":["post-112721","post","type-post","status-publish","format-standard","has-post-thumbnail","hentry","category-policial","tag-blog-com-mais-visualizacoes","tag-blog-de-caruaru","tag-blog-edvaldo-magalhaes","tag-blog-mais-acessado","tag-homem-e-preso-com-arma-e-drogas-em-caruaru"],"_links":{"self":[{"href":"https:\/\/blogdoedvaldomagalhaes.com.br\/index.php\/wp-json\/wp\/v2\/posts\/112721","targetHints":{"allow":["GET"]}}],"collection":[{"href":"https:\/\/blogdoedvaldomagalhaes.com.br\/index.php\/wp-json\/wp\/v2\/posts"}],"about":[{"href":"https:\/\/blogdoedvaldomagalhaes.com.br\/index.php\/wp-json\/wp\/v2\/types\/post"}],"author":[{"embeddable":true,"href":"https:\/\/blogdoedvaldomagalhaes.com.br\/index.php\/wp-json\/wp\/v2\/users\/1"}],"replies":[{"embeddable":true,"href":"https:\/\/blogdoedvaldomagalhaes.com.br\/index.php\/wp-json\/wp\/v2\/comments?post=112721"}],"version-history":[{"count":1,"href":"https:\/\/blogdoedvaldomagalhaes.com.br\/index.php\/wp-json\/wp\/v2\/posts\/112721\/revisions"}],"predecessor-version":[{"id":112723,"href":"https:\/\/blogdoedvaldomagalhaes.com.br\/index.php\/wp-json\/wp\/v2\/posts\/112721\/revisions\/112723"}],"wp:featuredmedia":[{"embeddable":true,"href":"https:\/\/blogdoedvaldomagalhaes.com.br\/index.php\/wp-json\/wp\/v2\/media\/112722"}],"wp:attachment":[{"href":"https:\/\/blogdoedvaldomagalhaes.com.br\/index.php\/wp-json\/wp\/v2\/media?parent=112721"}],"wp:term":[{"taxonomy":"category","embeddable":true,"href":"https:\/\/blogdoedvaldomagalhaes.com.br\/index.php\/wp-json\/wp\/v2\/categories?post=112721"},{"taxonomy":"post_tag","embeddable":true,"href":"https:\/\/blogdoedvaldomagalhaes.com.br\/index.php\/wp-json\/wp\/v2\/tags?post=112721"}],"curies":[{"name":"wp","href":"https:\/\/api.w.org\/{rel}","templated":true}]}}