{"id":112718,"date":"2024-09-18T18:31:35","date_gmt":"2024-09-18T21:31:35","guid":{"rendered":"https:\/\/blogdoedvaldomagalhaes.com.br\/?p=112718"},"modified":"2024-09-18T18:31:35","modified_gmt":"2024-09-18T21:31:35","slug":"governadora-raquel-lyra-apresenta-acoes-para-melhoria-da-competitividade-da-agricultura-familiar","status":"publish","type":"post","link":"https:\/\/blogdoedvaldomagalhaes.com.br\/index.php\/2024\/09\/18\/governadora-raquel-lyra-apresenta-acoes-para-melhoria-da-competitividade-da-agricultura-familiar\/","title":{"rendered":"Governadora Raquel Lyra apresenta a\u00e7\u00f5es para melhoria da competitividade da agricultura familiar"},"content":{"rendered":"<p>A governadora Raquel Lyra recebeu lideran\u00e7as da Federa\u00e7\u00e3o dos Trabalhadores da Agricultura Familiar (Fetraf) para um encontro no Pal\u00e1cio do Campo das Princesas, onde foram apresentadas demandas para melhorar a competitividade das fam\u00edlias produtoras. Durante o di\u00e1logo, representantes de trabalhadores da agricultura familiar de todas as regi\u00f5es de Pernambuco compartilharam suas necessidades em rela\u00e7\u00e3o \u00e0 infraestrutura, equipamentos, incentivos e seguran\u00e7a h\u00eddrica.<\/p>\n<p>A chefe do Executivo compartilhou as a\u00e7\u00f5es do governo para melhorar o ambiente da agricultura familiar com destaque para as obras que proporcionam seguran\u00e7a h\u00eddrica, regulariza\u00e7\u00e3o do abastecimento de \u00e1gua e sistemas de irriga\u00e7\u00e3o. \u201cEstamos buscando todas as alternativas de financiamento e apresentando projetos para fazer as obras que s\u00e3o necess\u00e1rias para levar \u00e1gua para todas as regi\u00f5es do Estado. Uma das nossas prioridades \u00e9 a Adutora do Agreste, que \u00e9 parte importante para a reden\u00e7\u00e3o para uma regi\u00e3o que sofre muito sem acesso \u00e0 \u00e1gua, beneficiando 25 munic\u00edpios j\u00e1 com a primeira etapa conclu\u00edda, em 2025, e beneficiando 72 munic\u00edpios com a segunda etapa\u201d, afirmou Raquel Lyra.<\/p>\n<p>\u201cTodos os estudos est\u00e3o sendo feitos para que possamos garantir mais \u00e1gua para cada uma dessas regi\u00f5es. \u00c1gua para consumo humano e desenvolvimento de projetos para produ\u00e7\u00e3o, para que a popula\u00e7\u00e3o possa produzir. E a gente est\u00e1 construindo alternativas para isso\u201d, completou a governadora.<\/p>\n<p>O secret\u00e1rio de Desenvolvimento Agr\u00e1rio, Agricultura, Pecu\u00e1ria e Pesca, C\u00edcero Moraes, destacou a import\u00e2ncia do encontro. \u201cO governo apresentou e discutiu todos os avan\u00e7os que j\u00e1 foram feitos notadamente no que diz respeito \u00e0 recupera\u00e7\u00e3o de estradas, estradas vicinais. Tamb\u00e9m foi apresentado e discutido os avan\u00e7os no que diz respeito ao acesso \u00e0 \u00e1gua e foram apresentadas novas demandas, de modo que vamos ter outros encontros de car\u00e1ter mais operacional com o IPA (Instituto Agron\u00f4mico de Pernambuco), Adagro (Ag\u00eancia de Defesa e Fiscaliza\u00e7\u00e3o Agropecu\u00e1ria do Estado de Pernambuco), com Adepe (Ag\u00eancia de Desenvolvimento Econ\u00f4mico de Pernambuco) e com a Secretaria de Desenvolvimento Agr\u00e1rio para continuar avan\u00e7ando no apoio agricultura familiar\u201d, explicou o gestor.<\/p>\n<p>\u201cConversei com alguns companheiros sa\u00edmos daqui muito satisfeitos, com um sentimento de que as coisas v\u00e3o andar\u201d, comentou Jo\u00e3o Santos da Silva, coordenador da Fetraf.<\/p>\n<p>A reuni\u00e3o foi acompanhada pelo deputado federal Pastor Eurico e os deputados estaduais Luciano Duque e Jo\u00e3o Paulo. \u201cSa\u00edmos daqui tranquilos e sabendo de fato sobre as a\u00e7\u00f5es para melhorar a competitividade da agricultura familiar a partir dos interesses dos agricultores\u201d, declarou o deputado Luciano Duque.<\/p>\n<p>Participaram do encontro os secret\u00e1rios da Casa Civil, Tulio Vila\u00e7a, e da Assessoria Especial \u00e0 governadora e Rela\u00e7\u00f5es Internacionais, Fernando Holanda.<br \/>\nFoto:<br \/>\nSeja seguidor do Instagram do Blog @blogdoedvaldomagalhaes<\/p>\n","protected":false},"excerpt":{"rendered":"<p>A governadora Raquel Lyra recebeu lideran\u00e7as da Federa\u00e7\u00e3o dos Trabalhadores da Agricultura Familiar (Fetraf) para um encontro no Pal\u00e1cio do&hellip;<\/p>\n","protected":false},"author":1,"featured_media":112719,"comment_status":"closed","ping_status":"open","sticky":false,"template":"","format":"standard","meta":{"footnotes":""},"categories":[14122],"tags":[28803,27410,2,28801,31674,20],"class_list":["post-112718","post","type-post","status-publish","format-standard","has-post-thumbnail","hentry","category-politica","tag-blog-com-mais-visualizacoes","tag-blog-de-caruaru","tag-blog-do-edvaldo-magalhaes","tag-blog-mais-acessado","tag-governadora-raquel-lyra-apresenta-acoes-para-melhoria-da-competitividade-da-agricultura-familiar","tag-politica"],"_links":{"self":[{"href":"https:\/\/blogdoedvaldomagalhaes.com.br\/index.php\/wp-json\/wp\/v2\/posts\/112718","targetHints":{"allow":["GET"]}}],"collection":[{"href":"https:\/\/blogdoedvaldomagalhaes.com.br\/index.php\/wp-json\/wp\/v2\/posts"}],"about":[{"href":"https:\/\/blogdoedvaldomagalhaes.com.br\/index.php\/wp-json\/wp\/v2\/types\/post"}],"author":[{"embeddable":true,"href":"https:\/\/blogdoedvaldomagalhaes.com.br\/index.php\/wp-json\/wp\/v2\/users\/1"}],"replies":[{"embeddable":true,"href":"https:\/\/blogdoedvaldomagalhaes.com.br\/index.php\/wp-json\/wp\/v2\/comments?post=112718"}],"version-history":[{"count":1,"href":"https:\/\/blogdoedvaldomagalhaes.com.br\/index.php\/wp-json\/wp\/v2\/posts\/112718\/revisions"}],"predecessor-version":[{"id":112720,"href":"https:\/\/blogdoedvaldomagalhaes.com.br\/index.php\/wp-json\/wp\/v2\/posts\/112718\/revisions\/112720"}],"wp:featuredmedia":[{"embeddable":true,"href":"https:\/\/blogdoedvaldomagalhaes.com.br\/index.php\/wp-json\/wp\/v2\/media\/112719"}],"wp:attachment":[{"href":"https:\/\/blogdoedvaldomagalhaes.com.br\/index.php\/wp-json\/wp\/v2\/media?parent=112718"}],"wp:term":[{"taxonomy":"category","embeddable":true,"href":"https:\/\/blogdoedvaldomagalhaes.com.br\/index.php\/wp-json\/wp\/v2\/categories?post=112718"},{"taxonomy":"post_tag","embeddable":true,"href":"https:\/\/blogdoedvaldomagalhaes.com.br\/index.php\/wp-json\/wp\/v2\/tags?post=112718"}],"curies":[{"name":"wp","href":"https:\/\/api.w.org\/{rel}","templated":true}]}}