{"id":112715,"date":"2024-09-18T12:54:04","date_gmt":"2024-09-18T15:54:04","guid":{"rendered":"https:\/\/blogdoedvaldomagalhaes.com.br\/?p=112715"},"modified":"2024-09-18T12:54:04","modified_gmt":"2024-09-18T15:54:04","slug":"junior-letal-cria-canal-de-comunicacao-aberto-e-acessivel-ouvindo-a-populacao","status":"publish","type":"post","link":"https:\/\/blogdoedvaldomagalhaes.com.br\/index.php\/2024\/09\/18\/junior-letal-cria-canal-de-comunicacao-aberto-e-acessivel-ouvindo-a-populacao\/","title":{"rendered":"J\u00fanior Letal cria canal de comunica\u00e7\u00e3o aberto e acess\u00edvel, ouvindo a popula\u00e7\u00e3o"},"content":{"rendered":"<p>O Projeto Letal em Sua Casa, idealizado por J\u00fanior Letal, candidato a vereador da cidade de Caruaru, tem se destacado por sua abordagem inovadora e pr\u00f3xima da popula\u00e7\u00e3o. A iniciativa consiste em visitas frequentes do candidato \u00e0s diversas comunidades da cidade, atendendo a convites dos pr\u00f3prios moradores para ouvir suas necessidades e demandas de forma direta e pessoal. <\/p>\n<p>Ao percorrer as regi\u00f5es de Caruaru, J\u00fanior Letal cria um canal de comunica\u00e7\u00e3o aberto e acess\u00edvel, dando oportunidade \u00e0s pessoas de apresentarem suas principais preocupa\u00e7\u00f5es e necessidades para melhorar a qualidade de vida de suas comunidades. Essas visitas v\u00e3o al\u00e9m do simples ato de ouvir; elas representam um compromisso com a popula\u00e7\u00e3o, no qual as sugest\u00f5es e demandas dos moradores se transformam em pautas priorit\u00e1rias para o seu projeto pol\u00edtico.<\/p>\n<p>O Projeto Letal em Sua Casa refor\u00e7a o compromisso de J\u00fanior Letal com a participa\u00e7\u00e3o popular, evidenciando sua disposi\u00e7\u00e3o de trabalhar em conjunto com os cidad\u00e3os para construir uma Caruaru mais justa e inclusiva. Cada visita se torna uma oportunidade de fortalecer os la\u00e7os entre o candidato e a comunidade, e de construir, com base nas experi\u00eancias e desafios enfrentados por cada bairro, um plano de a\u00e7\u00e3o que realmente atenda \u00e0s necessidades locais. <\/p>\n<p>Essa proximidade com o povo \u00e9 o diferencial que marca o projeto, que valoriza o di\u00e1logo e a a\u00e7\u00e3o comunit\u00e1ria, criando um espa\u00e7o onde todos podem ser ouvidos e contribuir para a transforma\u00e7\u00e3o de Caruaru.<br \/>\nFoto: Divulga\u00e7\u00e3o\/Assessoria<br \/>\nSeja seguidor do Instagram do Blog @blogdoedvaldomagalhaes<\/p>\n","protected":false},"excerpt":{"rendered":"<p>O Projeto Letal em Sua Casa, idealizado por J\u00fanior Letal, candidato a vereador da cidade de Caruaru, tem se destacado&hellip;<\/p>\n","protected":false},"author":1,"featured_media":112716,"comment_status":"closed","ping_status":"open","sticky":false,"template":"","format":"standard","meta":{"footnotes":""},"categories":[14122],"tags":[28803,27410,13146,28801,31673,20],"class_list":["post-112715","post","type-post","status-publish","format-standard","has-post-thumbnail","hentry","category-politica","tag-blog-com-mais-visualizacoes","tag-blog-de-caruaru","tag-blog-edvaldo-magalhaes","tag-blog-mais-acessado","tag-junior-letal-cria-canal-de-comunicacao-aberto-e-acessivel-ouvindo-a-populacao","tag-politica"],"_links":{"self":[{"href":"https:\/\/blogdoedvaldomagalhaes.com.br\/index.php\/wp-json\/wp\/v2\/posts\/112715","targetHints":{"allow":["GET"]}}],"collection":[{"href":"https:\/\/blogdoedvaldomagalhaes.com.br\/index.php\/wp-json\/wp\/v2\/posts"}],"about":[{"href":"https:\/\/blogdoedvaldomagalhaes.com.br\/index.php\/wp-json\/wp\/v2\/types\/post"}],"author":[{"embeddable":true,"href":"https:\/\/blogdoedvaldomagalhaes.com.br\/index.php\/wp-json\/wp\/v2\/users\/1"}],"replies":[{"embeddable":true,"href":"https:\/\/blogdoedvaldomagalhaes.com.br\/index.php\/wp-json\/wp\/v2\/comments?post=112715"}],"version-history":[{"count":1,"href":"https:\/\/blogdoedvaldomagalhaes.com.br\/index.php\/wp-json\/wp\/v2\/posts\/112715\/revisions"}],"predecessor-version":[{"id":112717,"href":"https:\/\/blogdoedvaldomagalhaes.com.br\/index.php\/wp-json\/wp\/v2\/posts\/112715\/revisions\/112717"}],"wp:featuredmedia":[{"embeddable":true,"href":"https:\/\/blogdoedvaldomagalhaes.com.br\/index.php\/wp-json\/wp\/v2\/media\/112716"}],"wp:attachment":[{"href":"https:\/\/blogdoedvaldomagalhaes.com.br\/index.php\/wp-json\/wp\/v2\/media?parent=112715"}],"wp:term":[{"taxonomy":"category","embeddable":true,"href":"https:\/\/blogdoedvaldomagalhaes.com.br\/index.php\/wp-json\/wp\/v2\/categories?post=112715"},{"taxonomy":"post_tag","embeddable":true,"href":"https:\/\/blogdoedvaldomagalhaes.com.br\/index.php\/wp-json\/wp\/v2\/tags?post=112715"}],"curies":[{"name":"wp","href":"https:\/\/api.w.org\/{rel}","templated":true}]}}