{"id":112712,"date":"2024-09-18T10:21:29","date_gmt":"2024-09-18T13:21:29","guid":{"rendered":"https:\/\/blogdoedvaldomagalhaes.com.br\/?p=112712"},"modified":"2024-09-18T10:21:29","modified_gmt":"2024-09-18T13:21:29","slug":"bebe-e-estuprada-por-primo-e-vizinho-que-sao-presos-e-autuados-em-flagrante-delito","status":"publish","type":"post","link":"https:\/\/blogdoedvaldomagalhaes.com.br\/index.php\/2024\/09\/18\/bebe-e-estuprada-por-primo-e-vizinho-que-sao-presos-e-autuados-em-flagrante-delito\/","title":{"rendered":"Beb\u00ea \u00e9 estuprada por primo e vizinho que s\u00e3o presos e autuados em flagrante delito"},"content":{"rendered":"<p>Dois homens foram presos, na noite de ter\u00e7a-feira (17\/09), por suspeita de estupro de vulner\u00e1vel, em Pesqueira. Policiais militares da 8\u00aa CIPM foram acionados pela Central de Opera\u00e7\u00f5es para a verificar a situa\u00e7\u00e3o e se deslocaram para a UPA local, onde um beb\u00ea de 11 meses passou por exame m\u00e9dico, na presen\u00e7a do Conselho Tutelar, que verificou ind\u00edcios de viol\u00eancia sexual.<\/p>\n<p>A crian\u00e7a foi levada para a unidade de sa\u00fade pela m\u00e3e, que estranhou o odor e um sangramento na genit\u00e1lia da filha. De posse das informa\u00e7\u00f5es sobre dois suspeitos, que possivelmente tiveram contato com a v\u00edtima, um vizinho e um primo da menor, foram detidos e encaminhados para a delegacia local, onde acabaram autuados em flagrante delito.<\/p>\n<p>Um terceiro suspeito, tio da v\u00edtima e que usu\u00e1rio de drogas e j\u00e1 tem passagem criminal, tamb\u00e9m foi apresentado \u00e0 Pol\u00edcia Civil, j\u00e1 na madrugada desta quarta-feira (19\/09), para averigua\u00e7\u00f5es.<br \/>\nFoto: Divulga\u00e7\u00e3o\/PMPE<br \/>\nSeja seguidor do Instagram do Blog @blogdoedvaldomagalhaes<\/p>\n","protected":false},"excerpt":{"rendered":"<p>Dois homens foram presos, na noite de ter\u00e7a-feira (17\/09), por suspeita de estupro de vulner\u00e1vel, em Pesqueira. Policiais militares da&hellip;<\/p>\n","protected":false},"author":1,"featured_media":13024,"comment_status":"closed","ping_status":"open","sticky":false,"template":"","format":"standard","meta":{"footnotes":""},"categories":[14121],"tags":[31671,29440,27410,2,28801,30459,31672],"class_list":["post-112712","post","type-post","status-publish","format-standard","has-post-thumbnail","hentry","category-policial","tag-bebe-e-estuprada-por-primo-e-vizinho-que-sao-presos-e-autuados-em-flagrante-delito","tag-blog-com-mais-visualizacao","tag-blog-de-caruaru","tag-blog-do-edvaldo-magalhaes","tag-blog-mais-acessado","tag-estupro","tag-vulneravel"],"_links":{"self":[{"href":"https:\/\/blogdoedvaldomagalhaes.com.br\/index.php\/wp-json\/wp\/v2\/posts\/112712","targetHints":{"allow":["GET"]}}],"collection":[{"href":"https:\/\/blogdoedvaldomagalhaes.com.br\/index.php\/wp-json\/wp\/v2\/posts"}],"about":[{"href":"https:\/\/blogdoedvaldomagalhaes.com.br\/index.php\/wp-json\/wp\/v2\/types\/post"}],"author":[{"embeddable":true,"href":"https:\/\/blogdoedvaldomagalhaes.com.br\/index.php\/wp-json\/wp\/v2\/users\/1"}],"replies":[{"embeddable":true,"href":"https:\/\/blogdoedvaldomagalhaes.com.br\/index.php\/wp-json\/wp\/v2\/comments?post=112712"}],"version-history":[{"count":1,"href":"https:\/\/blogdoedvaldomagalhaes.com.br\/index.php\/wp-json\/wp\/v2\/posts\/112712\/revisions"}],"predecessor-version":[{"id":112713,"href":"https:\/\/blogdoedvaldomagalhaes.com.br\/index.php\/wp-json\/wp\/v2\/posts\/112712\/revisions\/112713"}],"wp:featuredmedia":[{"embeddable":true,"href":"https:\/\/blogdoedvaldomagalhaes.com.br\/index.php\/wp-json\/wp\/v2\/media\/13024"}],"wp:attachment":[{"href":"https:\/\/blogdoedvaldomagalhaes.com.br\/index.php\/wp-json\/wp\/v2\/media?parent=112712"}],"wp:term":[{"taxonomy":"category","embeddable":true,"href":"https:\/\/blogdoedvaldomagalhaes.com.br\/index.php\/wp-json\/wp\/v2\/categories?post=112712"},{"taxonomy":"post_tag","embeddable":true,"href":"https:\/\/blogdoedvaldomagalhaes.com.br\/index.php\/wp-json\/wp\/v2\/tags?post=112712"}],"curies":[{"name":"wp","href":"https:\/\/api.w.org\/{rel}","templated":true}]}}